{"id":632,"date":"2023-07-22T23:41:15","date_gmt":"2023-07-22T21:41:15","guid":{"rendered":"https:\/\/arka-swsiemp.pl\/?p=632"},"modified":"2024-10-22T11:44:25","modified_gmt":"2024-10-22T09:44:25","slug":"dolacz-do-nas-nabory","status":"publish","type":"post","link":"https:\/\/arka-swsiemp.pl\/index.php\/2023\/07\/22\/dolacz-do-nas-nabory\/","title":{"rendered":"Do\u0142\u0105cz do Nas &#8211; NABORY!"},"content":{"rendered":"\n<figure class=\"wp-block-image size-large\"><img fetchpriority=\"high\" decoding=\"async\" width=\"1024\" height=\"768\" src=\"https:\/\/arka-swsiemp.pl\/wp-content\/uploads\/2023\/08\/grupowe-aktualnosci-1-kopia_2-1024x768.jpg\" alt=\"\" class=\"wp-image-714\" srcset=\"https:\/\/arka-swsiemp.pl\/wp-content\/uploads\/2023\/08\/grupowe-aktualnosci-1-kopia_2-1024x768.jpg 1024w, https:\/\/arka-swsiemp.pl\/wp-content\/uploads\/2023\/08\/grupowe-aktualnosci-1-kopia_2-300x225.jpg 300w, https:\/\/arka-swsiemp.pl\/wp-content\/uploads\/2023\/08\/grupowe-aktualnosci-1-kopia_2-768x576.jpg 768w, https:\/\/arka-swsiemp.pl\/wp-content\/uploads\/2023\/08\/grupowe-aktualnosci-1-kopia_2-1536x1152.jpg 1536w, https:\/\/arka-swsiemp.pl\/wp-content\/uploads\/2023\/08\/grupowe-aktualnosci-1-kopia_2-2048x1536.jpg 2048w\" sizes=\"(max-width: 767px) 89vw, (max-width: 1000px) 54vw, (max-width: 1071px) 543px, 580px\" \/><\/figure>\n\n\n\n<p>Znale\u017a\u0107 nas mo\u017cna na Ob\u0142u\u017cu, Grab\u00f3wku oraz w Ma\u0142ym Kacku. W celu zapisu dziecka do klubu prosimy o kontakt z trenerem Paw\u0142em pod nr&nbsp;tel.&nbsp;518-903-507. (http:\/\/arkaswsiemp.futbolowo.pl)<\/p>\n","protected":false},"excerpt":{"rendered":"<p>Zapraszamy wszystkie dziewczynki i ch\u0142opc\u00f3w urodzonych w latach 2010 &#8211; 2018 na zaj\u0119cia do naszej szk\u00f3\u0142ki. <\/p>\n","protected":false},"author":1,"featured_media":714,"comment_status":"open","ping_status":"open","sticky":false,"template":"","format":"standard","meta":{"footnotes":""},"categories":[13,12],"tags":[],"class_list":["post-632","post","type-post","status-publish","format-standard","has-post-thumbnail","hentry","category-informacje","category-nabory"],"yoast_head":"<!-- This site is optimized with the Yoast SEO plugin v27.4 - https:\/\/yoast.com\/product\/yoast-seo-wordpress\/ -->\n<title>Do\u0142\u0105cz do Nas - NABORY! | Arka Gdynia SWSiEMP<\/title>\n<meta name=\"robots\" content=\"index, follow, max-snippet:-1, max-image-preview:large, max-video-preview:-1\" \/>\n<link rel=\"canonical\" href=\"https:\/\/arka-swsiemp.pl\/index.php\/2023\/07\/22\/dolacz-do-nas-nabory\/\" \/>\n<meta property=\"og:locale\" content=\"pl_PL\" \/>\n<meta property=\"og:type\" content=\"article\" \/>\n<meta property=\"og:title\" content=\"Do\u0142\u0105cz do Nas - NABORY! | Arka Gdynia SWSiEMP\" \/>\n<meta property=\"og:description\" content=\"Zapraszamy wszystkie dziewczynki i ch\u0142opc\u00f3w urodzonych w latach 2010 - 2018 na zaj\u0119cia do naszej szk\u00f3\u0142ki.\" \/>\n<meta property=\"og:url\" content=\"https:\/\/arka-swsiemp.pl\/index.php\/2023\/07\/22\/dolacz-do-nas-nabory\/\" \/>\n<meta property=\"og:site_name\" content=\"Arka Gdynia SWSiEMP\" \/>\n<meta property=\"article:publisher\" content=\"https:\/\/www.facebook.com\/profile.php?id=100076234040257\" \/>\n<meta property=\"article:published_time\" content=\"2023-07-22T21:41:15+00:00\" \/>\n<meta property=\"article:modified_time\" content=\"2024-10-22T09:44:25+00:00\" \/>\n<meta property=\"og:image\" content=\"https:\/\/arka-swsiemp.pl\/wp-content\/uploads\/2023\/08\/grupowe-aktualnosci-1-kopia_2-scaled.jpg\" \/>\n\t<meta property=\"og:image:width\" content=\"2560\" \/>\n\t<meta property=\"og:image:height\" content=\"1920\" \/>\n\t<meta property=\"og:image:type\" content=\"image\/jpeg\" \/>\n<meta name=\"author\" content=\"admin\" \/>\n<meta name=\"twitter:card\" content=\"summary_large_image\" \/>\n<meta name=\"twitter:label1\" content=\"Napisane przez\" \/>\n\t<meta name=\"twitter:data1\" content=\"admin\" \/>\n<script type=\"application\/ld+json\" class=\"yoast-schema-graph\">{\"@context\":\"https:\\\/\\\/schema.org\",\"@graph\":[{\"@type\":\"Article\",\"@id\":\"https:\\\/\\\/arka-swsiemp.pl\\\/index.php\\\/2023\\\/07\\\/22\\\/dolacz-do-nas-nabory\\\/#article\",\"isPartOf\":{\"@id\":\"https:\\\/\\\/arka-swsiemp.pl\\\/index.php\\\/2023\\\/07\\\/22\\\/dolacz-do-nas-nabory\\\/\"},\"author\":{\"name\":\"admin\",\"@id\":\"https:\\\/\\\/arka-swsiemp.pl\\\/#\\\/schema\\\/person\\\/a1bdfa75e03953822a5bf8b25b073441\"},\"headline\":\"Do\u0142\u0105cz do Nas &#8211; NABORY!\",\"datePublished\":\"2023-07-22T21:41:15+00:00\",\"dateModified\":\"2024-10-22T09:44:25+00:00\",\"mainEntityOfPage\":{\"@id\":\"https:\\\/\\\/arka-swsiemp.pl\\\/index.php\\\/2023\\\/07\\\/22\\\/dolacz-do-nas-nabory\\\/\"},\"wordCount\":45,\"commentCount\":0,\"publisher\":{\"@id\":\"https:\\\/\\\/arka-swsiemp.pl\\\/#organization\"},\"image\":{\"@id\":\"https:\\\/\\\/arka-swsiemp.pl\\\/index.php\\\/2023\\\/07\\\/22\\\/dolacz-do-nas-nabory\\\/#primaryimage\"},\"thumbnailUrl\":\"https:\\\/\\\/arka-swsiemp.pl\\\/wp-content\\\/uploads\\\/2023\\\/08\\\/grupowe-aktualnosci-1-kopia_2-scaled.jpg\",\"articleSection\":[\"informacje\",\"nabory\"],\"inLanguage\":\"pl-PL\",\"potentialAction\":[{\"@type\":\"CommentAction\",\"name\":\"Comment\",\"target\":[\"https:\\\/\\\/arka-swsiemp.pl\\\/index.php\\\/2023\\\/07\\\/22\\\/dolacz-do-nas-nabory\\\/#respond\"]}]},{\"@type\":\"WebPage\",\"@id\":\"https:\\\/\\\/arka-swsiemp.pl\\\/index.php\\\/2023\\\/07\\\/22\\\/dolacz-do-nas-nabory\\\/\",\"url\":\"https:\\\/\\\/arka-swsiemp.pl\\\/index.php\\\/2023\\\/07\\\/22\\\/dolacz-do-nas-nabory\\\/\",\"name\":\"Do\u0142\u0105cz do Nas - NABORY! | Arka Gdynia SWSiEMP\",\"isPartOf\":{\"@id\":\"https:\\\/\\\/arka-swsiemp.pl\\\/#website\"},\"primaryImageOfPage\":{\"@id\":\"https:\\\/\\\/arka-swsiemp.pl\\\/index.php\\\/2023\\\/07\\\/22\\\/dolacz-do-nas-nabory\\\/#primaryimage\"},\"image\":{\"@id\":\"https:\\\/\\\/arka-swsiemp.pl\\\/index.php\\\/2023\\\/07\\\/22\\\/dolacz-do-nas-nabory\\\/#primaryimage\"},\"thumbnailUrl\":\"https:\\\/\\\/arka-swsiemp.pl\\\/wp-content\\\/uploads\\\/2023\\\/08\\\/grupowe-aktualnosci-1-kopia_2-scaled.jpg\",\"datePublished\":\"2023-07-22T21:41:15+00:00\",\"dateModified\":\"2024-10-22T09:44:25+00:00\",\"breadcrumb\":{\"@id\":\"https:\\\/\\\/arka-swsiemp.pl\\\/index.php\\\/2023\\\/07\\\/22\\\/dolacz-do-nas-nabory\\\/#breadcrumb\"},\"inLanguage\":\"pl-PL\",\"potentialAction\":[{\"@type\":\"ReadAction\",\"target\":[\"https:\\\/\\\/arka-swsiemp.pl\\\/index.php\\\/2023\\\/07\\\/22\\\/dolacz-do-nas-nabory\\\/\"]}]},{\"@type\":\"ImageObject\",\"inLanguage\":\"pl-PL\",\"@id\":\"https:\\\/\\\/arka-swsiemp.pl\\\/index.php\\\/2023\\\/07\\\/22\\\/dolacz-do-nas-nabory\\\/#primaryimage\",\"url\":\"https:\\\/\\\/arka-swsiemp.pl\\\/wp-content\\\/uploads\\\/2023\\\/08\\\/grupowe-aktualnosci-1-kopia_2-scaled.jpg\",\"contentUrl\":\"https:\\\/\\\/arka-swsiemp.pl\\\/wp-content\\\/uploads\\\/2023\\\/08\\\/grupowe-aktualnosci-1-kopia_2-scaled.jpg\",\"width\":2560,\"height\":1920},{\"@type\":\"BreadcrumbList\",\"@id\":\"https:\\\/\\\/arka-swsiemp.pl\\\/index.php\\\/2023\\\/07\\\/22\\\/dolacz-do-nas-nabory\\\/#breadcrumb\",\"itemListElement\":[{\"@type\":\"ListItem\",\"position\":1,\"name\":\"Strona g\u0142\u00f3wna\",\"item\":\"https:\\\/\\\/arka-swsiemp.pl\\\/\"},{\"@type\":\"ListItem\",\"position\":2,\"name\":\"Do\u0142\u0105cz do Nas &#8211; NABORY!\"}]},{\"@type\":\"WebSite\",\"@id\":\"https:\\\/\\\/arka-swsiemp.pl\\\/#website\",\"url\":\"https:\\\/\\\/arka-swsiemp.pl\\\/\",\"name\":\"Arka Gdynia SWSiEMP\",\"description\":\"\",\"publisher\":{\"@id\":\"https:\\\/\\\/arka-swsiemp.pl\\\/#organization\"},\"potentialAction\":[{\"@type\":\"SearchAction\",\"target\":{\"@type\":\"EntryPoint\",\"urlTemplate\":\"https:\\\/\\\/arka-swsiemp.pl\\\/?s={search_term_string}\"},\"query-input\":{\"@type\":\"PropertyValueSpecification\",\"valueRequired\":true,\"valueName\":\"search_term_string\"}}],\"inLanguage\":\"pl-PL\"},{\"@type\":\"Organization\",\"@id\":\"https:\\\/\\\/arka-swsiemp.pl\\\/#organization\",\"name\":\"Arka Gdynia SWSiEMP\",\"url\":\"https:\\\/\\\/arka-swsiemp.pl\\\/\",\"logo\":{\"@type\":\"ImageObject\",\"inLanguage\":\"pl-PL\",\"@id\":\"https:\\\/\\\/arka-swsiemp.pl\\\/#\\\/schema\\\/logo\\\/image\\\/\",\"url\":\"https:\\\/\\\/arka-swsiemp.pl\\\/wp-content\\\/uploads\\\/2023\\\/07\\\/logo-swsiemp-w-png.png\",\"contentUrl\":\"https:\\\/\\\/arka-swsiemp.pl\\\/wp-content\\\/uploads\\\/2023\\\/07\\\/logo-swsiemp-w-png.png\",\"width\":1181,\"height\":1181,\"caption\":\"Arka Gdynia SWSiEMP\"},\"image\":{\"@id\":\"https:\\\/\\\/arka-swsiemp.pl\\\/#\\\/schema\\\/logo\\\/image\\\/\"},\"sameAs\":[\"https:\\\/\\\/www.facebook.com\\\/profile.php?id=100076234040257\",\"https:\\\/\\\/www.instagram.com\\\/swsiemp_arka_gdynia\\\/\"]},{\"@type\":\"Person\",\"@id\":\"https:\\\/\\\/arka-swsiemp.pl\\\/#\\\/schema\\\/person\\\/a1bdfa75e03953822a5bf8b25b073441\",\"name\":\"admin\",\"image\":{\"@type\":\"ImageObject\",\"inLanguage\":\"pl-PL\",\"@id\":\"https:\\\/\\\/secure.gravatar.com\\\/avatar\\\/918bf8747851be9cbefe70aae495e267d24e565f25ba17875f0058179bf58d0d?s=96&d=mm&r=g\",\"url\":\"https:\\\/\\\/secure.gravatar.com\\\/avatar\\\/918bf8747851be9cbefe70aae495e267d24e565f25ba17875f0058179bf58d0d?s=96&d=mm&r=g\",\"contentUrl\":\"https:\\\/\\\/secure.gravatar.com\\\/avatar\\\/918bf8747851be9cbefe70aae495e267d24e565f25ba17875f0058179bf58d0d?s=96&d=mm&r=g\",\"caption\":\"admin\"},\"sameAs\":[\"https:\\\/\\\/arka-swsiemp.pl\"],\"url\":\"https:\\\/\\\/arka-swsiemp.pl\\\/index.php\\\/author\\\/admin\\\/\"}]}<\/script>\n<!-- \/ Yoast SEO plugin. -->","yoast_head_json":{"title":"Do\u0142\u0105cz do Nas - NABORY! | Arka Gdynia SWSiEMP","robots":{"index":"index","follow":"follow","max-snippet":"max-snippet:-1","max-image-preview":"max-image-preview:large","max-video-preview":"max-video-preview:-1"},"canonical":"https:\/\/arka-swsiemp.pl\/index.php\/2023\/07\/22\/dolacz-do-nas-nabory\/","og_locale":"pl_PL","og_type":"article","og_title":"Do\u0142\u0105cz do Nas - NABORY! | Arka Gdynia SWSiEMP","og_description":"Zapraszamy wszystkie dziewczynki i ch\u0142opc\u00f3w urodzonych w latach 2010 - 2018 na zaj\u0119cia do naszej szk\u00f3\u0142ki.","og_url":"https:\/\/arka-swsiemp.pl\/index.php\/2023\/07\/22\/dolacz-do-nas-nabory\/","og_site_name":"Arka Gdynia SWSiEMP","article_publisher":"https:\/\/www.facebook.com\/profile.php?id=100076234040257","article_published_time":"2023-07-22T21:41:15+00:00","article_modified_time":"2024-10-22T09:44:25+00:00","og_image":[{"width":2560,"height":1920,"url":"https:\/\/arka-swsiemp.pl\/wp-content\/uploads\/2023\/08\/grupowe-aktualnosci-1-kopia_2-scaled.jpg","type":"image\/jpeg"}],"author":"admin","twitter_card":"summary_large_image","twitter_misc":{"Napisane przez":"admin"},"schema":{"@context":"https:\/\/schema.org","@graph":[{"@type":"Article","@id":"https:\/\/arka-swsiemp.pl\/index.php\/2023\/07\/22\/dolacz-do-nas-nabory\/#article","isPartOf":{"@id":"https:\/\/arka-swsiemp.pl\/index.php\/2023\/07\/22\/dolacz-do-nas-nabory\/"},"author":{"name":"admin","@id":"https:\/\/arka-swsiemp.pl\/#\/schema\/person\/a1bdfa75e03953822a5bf8b25b073441"},"headline":"Do\u0142\u0105cz do Nas &#8211; NABORY!","datePublished":"2023-07-22T21:41:15+00:00","dateModified":"2024-10-22T09:44:25+00:00","mainEntityOfPage":{"@id":"https:\/\/arka-swsiemp.pl\/index.php\/2023\/07\/22\/dolacz-do-nas-nabory\/"},"wordCount":45,"commentCount":0,"publisher":{"@id":"https:\/\/arka-swsiemp.pl\/#organization"},"image":{"@id":"https:\/\/arka-swsiemp.pl\/index.php\/2023\/07\/22\/dolacz-do-nas-nabory\/#primaryimage"},"thumbnailUrl":"https:\/\/arka-swsiemp.pl\/wp-content\/uploads\/2023\/08\/grupowe-aktualnosci-1-kopia_2-scaled.jpg","articleSection":["informacje","nabory"],"inLanguage":"pl-PL","potentialAction":[{"@type":"CommentAction","name":"Comment","target":["https:\/\/arka-swsiemp.pl\/index.php\/2023\/07\/22\/dolacz-do-nas-nabory\/#respond"]}]},{"@type":"WebPage","@id":"https:\/\/arka-swsiemp.pl\/index.php\/2023\/07\/22\/dolacz-do-nas-nabory\/","url":"https:\/\/arka-swsiemp.pl\/index.php\/2023\/07\/22\/dolacz-do-nas-nabory\/","name":"Do\u0142\u0105cz do Nas - NABORY! | Arka Gdynia SWSiEMP","isPartOf":{"@id":"https:\/\/arka-swsiemp.pl\/#website"},"primaryImageOfPage":{"@id":"https:\/\/arka-swsiemp.pl\/index.php\/2023\/07\/22\/dolacz-do-nas-nabory\/#primaryimage"},"image":{"@id":"https:\/\/arka-swsiemp.pl\/index.php\/2023\/07\/22\/dolacz-do-nas-nabory\/#primaryimage"},"thumbnailUrl":"https:\/\/arka-swsiemp.pl\/wp-content\/uploads\/2023\/08\/grupowe-aktualnosci-1-kopia_2-scaled.jpg","datePublished":"2023-07-22T21:41:15+00:00","dateModified":"2024-10-22T09:44:25+00:00","breadcrumb":{"@id":"https:\/\/arka-swsiemp.pl\/index.php\/2023\/07\/22\/dolacz-do-nas-nabory\/#breadcrumb"},"inLanguage":"pl-PL","potentialAction":[{"@type":"ReadAction","target":["https:\/\/arka-swsiemp.pl\/index.php\/2023\/07\/22\/dolacz-do-nas-nabory\/"]}]},{"@type":"ImageObject","inLanguage":"pl-PL","@id":"https:\/\/arka-swsiemp.pl\/index.php\/2023\/07\/22\/dolacz-do-nas-nabory\/#primaryimage","url":"https:\/\/arka-swsiemp.pl\/wp-content\/uploads\/2023\/08\/grupowe-aktualnosci-1-kopia_2-scaled.jpg","contentUrl":"https:\/\/arka-swsiemp.pl\/wp-content\/uploads\/2023\/08\/grupowe-aktualnosci-1-kopia_2-scaled.jpg","width":2560,"height":1920},{"@type":"BreadcrumbList","@id":"https:\/\/arka-swsiemp.pl\/index.php\/2023\/07\/22\/dolacz-do-nas-nabory\/#breadcrumb","itemListElement":[{"@type":"ListItem","position":1,"name":"Strona g\u0142\u00f3wna","item":"https:\/\/arka-swsiemp.pl\/"},{"@type":"ListItem","position":2,"name":"Do\u0142\u0105cz do Nas &#8211; NABORY!"}]},{"@type":"WebSite","@id":"https:\/\/arka-swsiemp.pl\/#website","url":"https:\/\/arka-swsiemp.pl\/","name":"Arka Gdynia SWSiEMP","description":"","publisher":{"@id":"https:\/\/arka-swsiemp.pl\/#organization"},"potentialAction":[{"@type":"SearchAction","target":{"@type":"EntryPoint","urlTemplate":"https:\/\/arka-swsiemp.pl\/?s={search_term_string}"},"query-input":{"@type":"PropertyValueSpecification","valueRequired":true,"valueName":"search_term_string"}}],"inLanguage":"pl-PL"},{"@type":"Organization","@id":"https:\/\/arka-swsiemp.pl\/#organization","name":"Arka Gdynia SWSiEMP","url":"https:\/\/arka-swsiemp.pl\/","logo":{"@type":"ImageObject","inLanguage":"pl-PL","@id":"https:\/\/arka-swsiemp.pl\/#\/schema\/logo\/image\/","url":"https:\/\/arka-swsiemp.pl\/wp-content\/uploads\/2023\/07\/logo-swsiemp-w-png.png","contentUrl":"https:\/\/arka-swsiemp.pl\/wp-content\/uploads\/2023\/07\/logo-swsiemp-w-png.png","width":1181,"height":1181,"caption":"Arka Gdynia SWSiEMP"},"image":{"@id":"https:\/\/arka-swsiemp.pl\/#\/schema\/logo\/image\/"},"sameAs":["https:\/\/www.facebook.com\/profile.php?id=100076234040257","https:\/\/www.instagram.com\/swsiemp_arka_gdynia\/"]},{"@type":"Person","@id":"https:\/\/arka-swsiemp.pl\/#\/schema\/person\/a1bdfa75e03953822a5bf8b25b073441","name":"admin","image":{"@type":"ImageObject","inLanguage":"pl-PL","@id":"https:\/\/secure.gravatar.com\/avatar\/918bf8747851be9cbefe70aae495e267d24e565f25ba17875f0058179bf58d0d?s=96&d=mm&r=g","url":"https:\/\/secure.gravatar.com\/avatar\/918bf8747851be9cbefe70aae495e267d24e565f25ba17875f0058179bf58d0d?s=96&d=mm&r=g","contentUrl":"https:\/\/secure.gravatar.com\/avatar\/918bf8747851be9cbefe70aae495e267d24e565f25ba17875f0058179bf58d0d?s=96&d=mm&r=g","caption":"admin"},"sameAs":["https:\/\/arka-swsiemp.pl"],"url":"https:\/\/arka-swsiemp.pl\/index.php\/author\/admin\/"}]}},"_links":{"self":[{"href":"https:\/\/arka-swsiemp.pl\/index.php\/wp-json\/wp\/v2\/posts\/632","targetHints":{"allow":["GET"]}}],"collection":[{"href":"https:\/\/arka-swsiemp.pl\/index.php\/wp-json\/wp\/v2\/posts"}],"about":[{"href":"https:\/\/arka-swsiemp.pl\/index.php\/wp-json\/wp\/v2\/types\/post"}],"author":[{"embeddable":true,"href":"https:\/\/arka-swsiemp.pl\/index.php\/wp-json\/wp\/v2\/users\/1"}],"replies":[{"embeddable":true,"href":"https:\/\/arka-swsiemp.pl\/index.php\/wp-json\/wp\/v2\/comments?post=632"}],"version-history":[{"count":3,"href":"https:\/\/arka-swsiemp.pl\/index.php\/wp-json\/wp\/v2\/posts\/632\/revisions"}],"predecessor-version":[{"id":715,"href":"https:\/\/arka-swsiemp.pl\/index.php\/wp-json\/wp\/v2\/posts\/632\/revisions\/715"}],"wp:featuredmedia":[{"embeddable":true,"href":"https:\/\/arka-swsiemp.pl\/index.php\/wp-json\/wp\/v2\/media\/714"}],"wp:attachment":[{"href":"https:\/\/arka-swsiemp.pl\/index.php\/wp-json\/wp\/v2\/media?parent=632"}],"wp:term":[{"taxonomy":"category","embeddable":true,"href":"https:\/\/arka-swsiemp.pl\/index.php\/wp-json\/wp\/v2\/categories?post=632"},{"taxonomy":"post_tag","embeddable":true,"href":"https:\/\/arka-swsiemp.pl\/index.php\/wp-json\/wp\/v2\/tags?post=632"}],"curies":[{"name":"wp","href":"https:\/\/api.w.org\/{rel}","templated":true}]}}