{"id":3675,"date":"2025-11-11T23:44:13","date_gmt":"2025-11-11T22:44:13","guid":{"rendered":"https:\/\/arka-swsiemp.pl\/?p=3675"},"modified":"2025-11-11T23:44:15","modified_gmt":"2025-11-11T22:44:15","slug":"zapraszamy-na-oboz-zimowy-puck-2026","status":"publish","type":"post","link":"https:\/\/arka-swsiemp.pl\/index.php\/2025\/11\/11\/zapraszamy-na-oboz-zimowy-puck-2026\/","title":{"rendered":"Zapraszamy na ob\u00f3z zimowy &#8211; PUCK 2026"},"content":{"rendered":"\n<p><strong>Zosta\u0142o ostatnie 7 miejsc !!!<\/strong><\/p>\n\n\n\n<p>W ferie zimowe 2026 zabierzemy naszych m\u0142odych zawodnik\u00f3w na ob\u00f3z sportowy!<br>Po raz drugi nasz\u0105 baz\u0105 b\u0119dzie go\u015bcinne miasto Puck. Tradycyjnie czeka na Was mn\u00f3stwo zabawy i aktywno\u015bci no i du\u017co, du\u017co, du\u017co \u2026\u2026 pi\u0142ki no\u017cnej.<\/p>\n\n\n\n<p>Zapewniamy, \u017ce atmosfera podczas pobytu jest wyj\u0105tkowa. Gwarantujemy wiele wspania\u0142ych wspomnie\u0144. Gor\u0105co zach\u0119camy m\u0142odych pi\u0142karzy do udzia\u0142u w obozie, gdy\u017c jest to czas po pierwsze do wyt\u0119\u017conej pracy treningowej, ale tak\u017ce jest to doskona\u0142a okazja, aby zawi\u0105za\u0107 przyja\u017anie na lata!&nbsp;<\/p>\n\n\n\n<p><strong>Ca\u0142a formu\u0142a obozu odbywa si\u0119 wed\u0142ug autorskiego<br>programu SWSiEMP Arki Gdynia.\u00a0Co gwarantujemy?<\/strong><\/p>\n\n\n\n<ul class=\"wp-block-list\">\n<li>codziennie treningi pi\u0142karskie (po\u0142\u0105czone z elementami koordynacji ruchowej, sprawno\u015bci og\u00f3lnej, lekkiej atletyki, gimnastyki, i wielu innych dyscyplin)<\/li>\n\n\n\n<li>turnieje i konkursy pi\u0142karskie<\/li>\n\n\n\n<li>konkursy i zawody indywidualne oraz zespo\u0142owe o miano najlepszego zawodnika obozu<\/li>\n\n\n\n<li>sporty uzupe\u0142niaj\u0105ce (koszyk\u00f3wka, siatk\u00f3wka, gry i zabawy ruchowe i wiele innych\u2026)<\/li>\n\n\n\n<li>\u015bwietlica ze sprz\u0119tem, si\u0142ownia,\u00a0<\/li>\n<\/ul>\n\n\n\n<p><strong>Termin: 18.01 \u2013 24.01.2026 ( 7 dni)<\/strong><br><strong>Koszt: 2200 z\u0142<\/strong><\/p>\n\n\n\n<p>Wszystkie deklaracje uczestnictwa w obozie oraz pytania dotycz\u0105ce obozu prosz\u0119 kierowa\u0107 do trenera \u2013 koordynatora:<\/p>\n\n\n\n<p><strong>Pawe\u0142 Dziubi\u0144ski 518-903-507<\/strong><\/p>\n\n\n\n<p>Wi\u0119cej informacji: <a href=\"https:\/\/arka-swsiemp.pl\/index.php\/oboz-zimowy-puck-2026\/\">>> link<\/a><\/p>\n","protected":false},"excerpt":{"rendered":"<p>Zosta\u0142o ostatnie 7 miejsc !!! W ferie zimowe 2026 zabierzemy naszych m\u0142odych zawodnik\u00f3w na ob\u00f3z sportowy!Po raz drugi nasz\u0105 baz\u0105 b\u0119dzie go\u015bcinne miasto Puck. Tradycyjnie czeka na Was mn\u00f3stwo zabawy i aktywno\u015bci no i du\u017co, du\u017co, du\u017co \u2026\u2026 pi\u0142ki no\u017cnej. Zapewniamy, \u017ce atmosfera podczas pobytu jest wyj\u0105tkowa. Gwarantujemy wiele wspania\u0142ych wspomnie\u0144. Gor\u0105co zach\u0119camy m\u0142odych pi\u0142karzy &hellip; <\/p>\n<p class=\"link-more\"><a href=\"https:\/\/arka-swsiemp.pl\/index.php\/2025\/11\/11\/zapraszamy-na-oboz-zimowy-puck-2026\/\" class=\"more-link\">Czytaj dalej<span class=\"screen-reader-text\"> \u201eZapraszamy na ob\u00f3z zimowy &#8211; PUCK 2026\u201d<\/span><\/a><\/p>\n","protected":false},"author":1,"featured_media":3676,"comment_status":"open","ping_status":"open","sticky":false,"template":"","format":"standard","meta":{"footnotes":""},"categories":[13],"tags":[],"class_list":["post-3675","post","type-post","status-publish","format-standard","has-post-thumbnail","hentry","category-informacje"],"yoast_head":"<!-- This site is optimized with the Yoast SEO plugin v27.4 - https:\/\/yoast.com\/product\/yoast-seo-wordpress\/ -->\n<title>Zapraszamy na ob\u00f3z zimowy - PUCK 2026 | Arka Gdynia SWSiEMP<\/title>\n<meta name=\"description\" content=\"Zosta\u0142o ostatnie 7 miejsc !!!W ferie zimowe 2026 zabierzemy naszych m\u0142odych zawodnik\u00f3w na ob\u00f3z sportowy!\" \/>\n<meta name=\"robots\" content=\"index, follow, max-snippet:-1, max-image-preview:large, max-video-preview:-1\" \/>\n<link rel=\"canonical\" href=\"https:\/\/arka-swsiemp.pl\/index.php\/2025\/11\/11\/zapraszamy-na-oboz-zimowy-puck-2026\/\" \/>\n<meta property=\"og:locale\" content=\"pl_PL\" \/>\n<meta property=\"og:type\" content=\"article\" \/>\n<meta property=\"og:title\" content=\"Zapraszamy na ob\u00f3z zimowy - PUCK 2026 | Arka Gdynia SWSiEMP\" \/>\n<meta property=\"og:description\" content=\"Zosta\u0142o ostatnie 7 miejsc !!!W ferie zimowe 2026 zabierzemy naszych m\u0142odych zawodnik\u00f3w na ob\u00f3z sportowy!\" \/>\n<meta property=\"og:url\" content=\"https:\/\/arka-swsiemp.pl\/index.php\/2025\/11\/11\/zapraszamy-na-oboz-zimowy-puck-2026\/\" \/>\n<meta property=\"og:site_name\" content=\"Arka Gdynia SWSiEMP\" \/>\n<meta property=\"article:publisher\" content=\"https:\/\/www.facebook.com\/profile.php?id=100076234040257\" \/>\n<meta property=\"article:published_time\" content=\"2025-11-11T22:44:13+00:00\" \/>\n<meta property=\"article:modified_time\" content=\"2025-11-11T22:44:15+00:00\" \/>\n<meta property=\"og:image\" content=\"https:\/\/arka-swsiemp.pl\/wp-content\/uploads\/2025\/11\/16919814890487648962.jpeg\" \/>\n\t<meta property=\"og:image:width\" content=\"1000\" \/>\n\t<meta property=\"og:image:height\" content=\"522\" \/>\n\t<meta property=\"og:image:type\" content=\"image\/jpeg\" \/>\n<meta name=\"author\" content=\"admin\" \/>\n<meta name=\"twitter:card\" content=\"summary_large_image\" \/>\n<meta name=\"twitter:label1\" content=\"Napisane przez\" \/>\n\t<meta name=\"twitter:data1\" content=\"admin\" \/>\n\t<meta name=\"twitter:label2\" content=\"Szacowany czas czytania\" \/>\n\t<meta name=\"twitter:data2\" content=\"2 minuty\" \/>\n<script type=\"application\/ld+json\" class=\"yoast-schema-graph\">{\"@context\":\"https:\\\/\\\/schema.org\",\"@graph\":[{\"@type\":\"Article\",\"@id\":\"https:\\\/\\\/arka-swsiemp.pl\\\/index.php\\\/2025\\\/11\\\/11\\\/zapraszamy-na-oboz-zimowy-puck-2026\\\/#article\",\"isPartOf\":{\"@id\":\"https:\\\/\\\/arka-swsiemp.pl\\\/index.php\\\/2025\\\/11\\\/11\\\/zapraszamy-na-oboz-zimowy-puck-2026\\\/\"},\"author\":{\"name\":\"admin\",\"@id\":\"https:\\\/\\\/arka-swsiemp.pl\\\/#\\\/schema\\\/person\\\/a1bdfa75e03953822a5bf8b25b073441\"},\"headline\":\"Zapraszamy na ob\u00f3z zimowy &#8211; PUCK 2026\",\"datePublished\":\"2025-11-11T22:44:13+00:00\",\"dateModified\":\"2025-11-11T22:44:15+00:00\",\"mainEntityOfPage\":{\"@id\":\"https:\\\/\\\/arka-swsiemp.pl\\\/index.php\\\/2025\\\/11\\\/11\\\/zapraszamy-na-oboz-zimowy-puck-2026\\\/\"},\"wordCount\":212,\"commentCount\":0,\"publisher\":{\"@id\":\"https:\\\/\\\/arka-swsiemp.pl\\\/#organization\"},\"image\":{\"@id\":\"https:\\\/\\\/arka-swsiemp.pl\\\/index.php\\\/2025\\\/11\\\/11\\\/zapraszamy-na-oboz-zimowy-puck-2026\\\/#primaryimage\"},\"thumbnailUrl\":\"https:\\\/\\\/arka-swsiemp.pl\\\/wp-content\\\/uploads\\\/2025\\\/11\\\/16919814890487648962.jpeg\",\"articleSection\":[\"informacje\"],\"inLanguage\":\"pl-PL\",\"potentialAction\":[{\"@type\":\"CommentAction\",\"name\":\"Comment\",\"target\":[\"https:\\\/\\\/arka-swsiemp.pl\\\/index.php\\\/2025\\\/11\\\/11\\\/zapraszamy-na-oboz-zimowy-puck-2026\\\/#respond\"]}]},{\"@type\":\"WebPage\",\"@id\":\"https:\\\/\\\/arka-swsiemp.pl\\\/index.php\\\/2025\\\/11\\\/11\\\/zapraszamy-na-oboz-zimowy-puck-2026\\\/\",\"url\":\"https:\\\/\\\/arka-swsiemp.pl\\\/index.php\\\/2025\\\/11\\\/11\\\/zapraszamy-na-oboz-zimowy-puck-2026\\\/\",\"name\":\"Zapraszamy na ob\u00f3z zimowy - PUCK 2026 | Arka Gdynia SWSiEMP\",\"isPartOf\":{\"@id\":\"https:\\\/\\\/arka-swsiemp.pl\\\/#website\"},\"primaryImageOfPage\":{\"@id\":\"https:\\\/\\\/arka-swsiemp.pl\\\/index.php\\\/2025\\\/11\\\/11\\\/zapraszamy-na-oboz-zimowy-puck-2026\\\/#primaryimage\"},\"image\":{\"@id\":\"https:\\\/\\\/arka-swsiemp.pl\\\/index.php\\\/2025\\\/11\\\/11\\\/zapraszamy-na-oboz-zimowy-puck-2026\\\/#primaryimage\"},\"thumbnailUrl\":\"https:\\\/\\\/arka-swsiemp.pl\\\/wp-content\\\/uploads\\\/2025\\\/11\\\/16919814890487648962.jpeg\",\"datePublished\":\"2025-11-11T22:44:13+00:00\",\"dateModified\":\"2025-11-11T22:44:15+00:00\",\"description\":\"Zosta\u0142o ostatnie 7 miejsc !!!W ferie zimowe 2026 zabierzemy naszych m\u0142odych zawodnik\u00f3w na ob\u00f3z sportowy!\",\"breadcrumb\":{\"@id\":\"https:\\\/\\\/arka-swsiemp.pl\\\/index.php\\\/2025\\\/11\\\/11\\\/zapraszamy-na-oboz-zimowy-puck-2026\\\/#breadcrumb\"},\"inLanguage\":\"pl-PL\",\"potentialAction\":[{\"@type\":\"ReadAction\",\"target\":[\"https:\\\/\\\/arka-swsiemp.pl\\\/index.php\\\/2025\\\/11\\\/11\\\/zapraszamy-na-oboz-zimowy-puck-2026\\\/\"]}]},{\"@type\":\"ImageObject\",\"inLanguage\":\"pl-PL\",\"@id\":\"https:\\\/\\\/arka-swsiemp.pl\\\/index.php\\\/2025\\\/11\\\/11\\\/zapraszamy-na-oboz-zimowy-puck-2026\\\/#primaryimage\",\"url\":\"https:\\\/\\\/arka-swsiemp.pl\\\/wp-content\\\/uploads\\\/2025\\\/11\\\/16919814890487648962.jpeg\",\"contentUrl\":\"https:\\\/\\\/arka-swsiemp.pl\\\/wp-content\\\/uploads\\\/2025\\\/11\\\/16919814890487648962.jpeg\",\"width\":1000,\"height\":522},{\"@type\":\"BreadcrumbList\",\"@id\":\"https:\\\/\\\/arka-swsiemp.pl\\\/index.php\\\/2025\\\/11\\\/11\\\/zapraszamy-na-oboz-zimowy-puck-2026\\\/#breadcrumb\",\"itemListElement\":[{\"@type\":\"ListItem\",\"position\":1,\"name\":\"Strona g\u0142\u00f3wna\",\"item\":\"https:\\\/\\\/arka-swsiemp.pl\\\/\"},{\"@type\":\"ListItem\",\"position\":2,\"name\":\"Zapraszamy na ob\u00f3z zimowy &#8211; PUCK 2026\"}]},{\"@type\":\"WebSite\",\"@id\":\"https:\\\/\\\/arka-swsiemp.pl\\\/#website\",\"url\":\"https:\\\/\\\/arka-swsiemp.pl\\\/\",\"name\":\"Arka Gdynia SWSiEMP\",\"description\":\"\",\"publisher\":{\"@id\":\"https:\\\/\\\/arka-swsiemp.pl\\\/#organization\"},\"potentialAction\":[{\"@type\":\"SearchAction\",\"target\":{\"@type\":\"EntryPoint\",\"urlTemplate\":\"https:\\\/\\\/arka-swsiemp.pl\\\/?s={search_term_string}\"},\"query-input\":{\"@type\":\"PropertyValueSpecification\",\"valueRequired\":true,\"valueName\":\"search_term_string\"}}],\"inLanguage\":\"pl-PL\"},{\"@type\":\"Organization\",\"@id\":\"https:\\\/\\\/arka-swsiemp.pl\\\/#organization\",\"name\":\"Arka Gdynia SWSiEMP\",\"url\":\"https:\\\/\\\/arka-swsiemp.pl\\\/\",\"logo\":{\"@type\":\"ImageObject\",\"inLanguage\":\"pl-PL\",\"@id\":\"https:\\\/\\\/arka-swsiemp.pl\\\/#\\\/schema\\\/logo\\\/image\\\/\",\"url\":\"https:\\\/\\\/arka-swsiemp.pl\\\/wp-content\\\/uploads\\\/2023\\\/07\\\/logo-swsiemp-w-png.png\",\"contentUrl\":\"https:\\\/\\\/arka-swsiemp.pl\\\/wp-content\\\/uploads\\\/2023\\\/07\\\/logo-swsiemp-w-png.png\",\"width\":1181,\"height\":1181,\"caption\":\"Arka Gdynia SWSiEMP\"},\"image\":{\"@id\":\"https:\\\/\\\/arka-swsiemp.pl\\\/#\\\/schema\\\/logo\\\/image\\\/\"},\"sameAs\":[\"https:\\\/\\\/www.facebook.com\\\/profile.php?id=100076234040257\",\"https:\\\/\\\/www.instagram.com\\\/swsiemp_arka_gdynia\\\/\"]},{\"@type\":\"Person\",\"@id\":\"https:\\\/\\\/arka-swsiemp.pl\\\/#\\\/schema\\\/person\\\/a1bdfa75e03953822a5bf8b25b073441\",\"name\":\"admin\",\"image\":{\"@type\":\"ImageObject\",\"inLanguage\":\"pl-PL\",\"@id\":\"https:\\\/\\\/secure.gravatar.com\\\/avatar\\\/918bf8747851be9cbefe70aae495e267d24e565f25ba17875f0058179bf58d0d?s=96&d=mm&r=g\",\"url\":\"https:\\\/\\\/secure.gravatar.com\\\/avatar\\\/918bf8747851be9cbefe70aae495e267d24e565f25ba17875f0058179bf58d0d?s=96&d=mm&r=g\",\"contentUrl\":\"https:\\\/\\\/secure.gravatar.com\\\/avatar\\\/918bf8747851be9cbefe70aae495e267d24e565f25ba17875f0058179bf58d0d?s=96&d=mm&r=g\",\"caption\":\"admin\"},\"sameAs\":[\"https:\\\/\\\/arka-swsiemp.pl\"],\"url\":\"https:\\\/\\\/arka-swsiemp.pl\\\/index.php\\\/author\\\/admin\\\/\"}]}<\/script>\n<!-- \/ Yoast SEO plugin. -->","yoast_head_json":{"title":"Zapraszamy na ob\u00f3z zimowy - PUCK 2026 | Arka Gdynia SWSiEMP","description":"Zosta\u0142o ostatnie 7 miejsc !!!W ferie zimowe 2026 zabierzemy naszych m\u0142odych zawodnik\u00f3w na ob\u00f3z sportowy!","robots":{"index":"index","follow":"follow","max-snippet":"max-snippet:-1","max-image-preview":"max-image-preview:large","max-video-preview":"max-video-preview:-1"},"canonical":"https:\/\/arka-swsiemp.pl\/index.php\/2025\/11\/11\/zapraszamy-na-oboz-zimowy-puck-2026\/","og_locale":"pl_PL","og_type":"article","og_title":"Zapraszamy na ob\u00f3z zimowy - PUCK 2026 | Arka Gdynia SWSiEMP","og_description":"Zosta\u0142o ostatnie 7 miejsc !!!W ferie zimowe 2026 zabierzemy naszych m\u0142odych zawodnik\u00f3w na ob\u00f3z sportowy!","og_url":"https:\/\/arka-swsiemp.pl\/index.php\/2025\/11\/11\/zapraszamy-na-oboz-zimowy-puck-2026\/","og_site_name":"Arka Gdynia SWSiEMP","article_publisher":"https:\/\/www.facebook.com\/profile.php?id=100076234040257","article_published_time":"2025-11-11T22:44:13+00:00","article_modified_time":"2025-11-11T22:44:15+00:00","og_image":[{"width":1000,"height":522,"url":"https:\/\/arka-swsiemp.pl\/wp-content\/uploads\/2025\/11\/16919814890487648962.jpeg","type":"image\/jpeg"}],"author":"admin","twitter_card":"summary_large_image","twitter_misc":{"Napisane przez":"admin","Szacowany czas czytania":"2 minuty"},"schema":{"@context":"https:\/\/schema.org","@graph":[{"@type":"Article","@id":"https:\/\/arka-swsiemp.pl\/index.php\/2025\/11\/11\/zapraszamy-na-oboz-zimowy-puck-2026\/#article","isPartOf":{"@id":"https:\/\/arka-swsiemp.pl\/index.php\/2025\/11\/11\/zapraszamy-na-oboz-zimowy-puck-2026\/"},"author":{"name":"admin","@id":"https:\/\/arka-swsiemp.pl\/#\/schema\/person\/a1bdfa75e03953822a5bf8b25b073441"},"headline":"Zapraszamy na ob\u00f3z zimowy &#8211; PUCK 2026","datePublished":"2025-11-11T22:44:13+00:00","dateModified":"2025-11-11T22:44:15+00:00","mainEntityOfPage":{"@id":"https:\/\/arka-swsiemp.pl\/index.php\/2025\/11\/11\/zapraszamy-na-oboz-zimowy-puck-2026\/"},"wordCount":212,"commentCount":0,"publisher":{"@id":"https:\/\/arka-swsiemp.pl\/#organization"},"image":{"@id":"https:\/\/arka-swsiemp.pl\/index.php\/2025\/11\/11\/zapraszamy-na-oboz-zimowy-puck-2026\/#primaryimage"},"thumbnailUrl":"https:\/\/arka-swsiemp.pl\/wp-content\/uploads\/2025\/11\/16919814890487648962.jpeg","articleSection":["informacje"],"inLanguage":"pl-PL","potentialAction":[{"@type":"CommentAction","name":"Comment","target":["https:\/\/arka-swsiemp.pl\/index.php\/2025\/11\/11\/zapraszamy-na-oboz-zimowy-puck-2026\/#respond"]}]},{"@type":"WebPage","@id":"https:\/\/arka-swsiemp.pl\/index.php\/2025\/11\/11\/zapraszamy-na-oboz-zimowy-puck-2026\/","url":"https:\/\/arka-swsiemp.pl\/index.php\/2025\/11\/11\/zapraszamy-na-oboz-zimowy-puck-2026\/","name":"Zapraszamy na ob\u00f3z zimowy - PUCK 2026 | Arka Gdynia SWSiEMP","isPartOf":{"@id":"https:\/\/arka-swsiemp.pl\/#website"},"primaryImageOfPage":{"@id":"https:\/\/arka-swsiemp.pl\/index.php\/2025\/11\/11\/zapraszamy-na-oboz-zimowy-puck-2026\/#primaryimage"},"image":{"@id":"https:\/\/arka-swsiemp.pl\/index.php\/2025\/11\/11\/zapraszamy-na-oboz-zimowy-puck-2026\/#primaryimage"},"thumbnailUrl":"https:\/\/arka-swsiemp.pl\/wp-content\/uploads\/2025\/11\/16919814890487648962.jpeg","datePublished":"2025-11-11T22:44:13+00:00","dateModified":"2025-11-11T22:44:15+00:00","description":"Zosta\u0142o ostatnie 7 miejsc !!!W ferie zimowe 2026 zabierzemy naszych m\u0142odych zawodnik\u00f3w na ob\u00f3z sportowy!","breadcrumb":{"@id":"https:\/\/arka-swsiemp.pl\/index.php\/2025\/11\/11\/zapraszamy-na-oboz-zimowy-puck-2026\/#breadcrumb"},"inLanguage":"pl-PL","potentialAction":[{"@type":"ReadAction","target":["https:\/\/arka-swsiemp.pl\/index.php\/2025\/11\/11\/zapraszamy-na-oboz-zimowy-puck-2026\/"]}]},{"@type":"ImageObject","inLanguage":"pl-PL","@id":"https:\/\/arka-swsiemp.pl\/index.php\/2025\/11\/11\/zapraszamy-na-oboz-zimowy-puck-2026\/#primaryimage","url":"https:\/\/arka-swsiemp.pl\/wp-content\/uploads\/2025\/11\/16919814890487648962.jpeg","contentUrl":"https:\/\/arka-swsiemp.pl\/wp-content\/uploads\/2025\/11\/16919814890487648962.jpeg","width":1000,"height":522},{"@type":"BreadcrumbList","@id":"https:\/\/arka-swsiemp.pl\/index.php\/2025\/11\/11\/zapraszamy-na-oboz-zimowy-puck-2026\/#breadcrumb","itemListElement":[{"@type":"ListItem","position":1,"name":"Strona g\u0142\u00f3wna","item":"https:\/\/arka-swsiemp.pl\/"},{"@type":"ListItem","position":2,"name":"Zapraszamy na ob\u00f3z zimowy &#8211; PUCK 2026"}]},{"@type":"WebSite","@id":"https:\/\/arka-swsiemp.pl\/#website","url":"https:\/\/arka-swsiemp.pl\/","name":"Arka Gdynia SWSiEMP","description":"","publisher":{"@id":"https:\/\/arka-swsiemp.pl\/#organization"},"potentialAction":[{"@type":"SearchAction","target":{"@type":"EntryPoint","urlTemplate":"https:\/\/arka-swsiemp.pl\/?s={search_term_string}"},"query-input":{"@type":"PropertyValueSpecification","valueRequired":true,"valueName":"search_term_string"}}],"inLanguage":"pl-PL"},{"@type":"Organization","@id":"https:\/\/arka-swsiemp.pl\/#organization","name":"Arka Gdynia SWSiEMP","url":"https:\/\/arka-swsiemp.pl\/","logo":{"@type":"ImageObject","inLanguage":"pl-PL","@id":"https:\/\/arka-swsiemp.pl\/#\/schema\/logo\/image\/","url":"https:\/\/arka-swsiemp.pl\/wp-content\/uploads\/2023\/07\/logo-swsiemp-w-png.png","contentUrl":"https:\/\/arka-swsiemp.pl\/wp-content\/uploads\/2023\/07\/logo-swsiemp-w-png.png","width":1181,"height":1181,"caption":"Arka Gdynia SWSiEMP"},"image":{"@id":"https:\/\/arka-swsiemp.pl\/#\/schema\/logo\/image\/"},"sameAs":["https:\/\/www.facebook.com\/profile.php?id=100076234040257","https:\/\/www.instagram.com\/swsiemp_arka_gdynia\/"]},{"@type":"Person","@id":"https:\/\/arka-swsiemp.pl\/#\/schema\/person\/a1bdfa75e03953822a5bf8b25b073441","name":"admin","image":{"@type":"ImageObject","inLanguage":"pl-PL","@id":"https:\/\/secure.gravatar.com\/avatar\/918bf8747851be9cbefe70aae495e267d24e565f25ba17875f0058179bf58d0d?s=96&d=mm&r=g","url":"https:\/\/secure.gravatar.com\/avatar\/918bf8747851be9cbefe70aae495e267d24e565f25ba17875f0058179bf58d0d?s=96&d=mm&r=g","contentUrl":"https:\/\/secure.gravatar.com\/avatar\/918bf8747851be9cbefe70aae495e267d24e565f25ba17875f0058179bf58d0d?s=96&d=mm&r=g","caption":"admin"},"sameAs":["https:\/\/arka-swsiemp.pl"],"url":"https:\/\/arka-swsiemp.pl\/index.php\/author\/admin\/"}]}},"_links":{"self":[{"href":"https:\/\/arka-swsiemp.pl\/index.php\/wp-json\/wp\/v2\/posts\/3675","targetHints":{"allow":["GET"]}}],"collection":[{"href":"https:\/\/arka-swsiemp.pl\/index.php\/wp-json\/wp\/v2\/posts"}],"about":[{"href":"https:\/\/arka-swsiemp.pl\/index.php\/wp-json\/wp\/v2\/types\/post"}],"author":[{"embeddable":true,"href":"https:\/\/arka-swsiemp.pl\/index.php\/wp-json\/wp\/v2\/users\/1"}],"replies":[{"embeddable":true,"href":"https:\/\/arka-swsiemp.pl\/index.php\/wp-json\/wp\/v2\/comments?post=3675"}],"version-history":[{"count":1,"href":"https:\/\/arka-swsiemp.pl\/index.php\/wp-json\/wp\/v2\/posts\/3675\/revisions"}],"predecessor-version":[{"id":3677,"href":"https:\/\/arka-swsiemp.pl\/index.php\/wp-json\/wp\/v2\/posts\/3675\/revisions\/3677"}],"wp:featuredmedia":[{"embeddable":true,"href":"https:\/\/arka-swsiemp.pl\/index.php\/wp-json\/wp\/v2\/media\/3676"}],"wp:attachment":[{"href":"https:\/\/arka-swsiemp.pl\/index.php\/wp-json\/wp\/v2\/media?parent=3675"}],"wp:term":[{"taxonomy":"category","embeddable":true,"href":"https:\/\/arka-swsiemp.pl\/index.php\/wp-json\/wp\/v2\/categories?post=3675"},{"taxonomy":"post_tag","embeddable":true,"href":"https:\/\/arka-swsiemp.pl\/index.php\/wp-json\/wp\/v2\/tags?post=3675"}],"curies":[{"name":"wp","href":"https:\/\/api.w.org\/{rel}","templated":true}]}}