{"id":2110,"date":"2024-11-21T11:29:29","date_gmt":"2024-11-21T10:29:29","guid":{"rendered":"https:\/\/arka-swsiemp.pl\/?p=2110"},"modified":"2024-11-21T11:31:38","modified_gmt":"2024-11-21T10:31:38","slug":"liga-dzielnicowa-tym-razem-na-obluzu","status":"publish","type":"post","link":"https:\/\/arka-swsiemp.pl\/index.php\/2024\/11\/21\/liga-dzielnicowa-tym-razem-na-obluzu\/","title":{"rendered":"Liga Dzielnicowa tym razem na Ob\u0142u\u017cu"},"content":{"rendered":"\n<p><strong>Z naszymi rozgrywkami odwiedzamy kolejn\u0105 dzielnic\u0119. W sobot\u0119 zagramy na Ob\u0142u\u017cu. <\/strong><\/p>\n\n\n\n<p>SP 39 b\u0119dzie miejscem, gdzie w sobot\u0119 spotkaj\u0105 si\u0119 zawodnicy z rocznik\u00f3w 2013, 2014, 2015, 2016 i 2017.<\/p>\n\n\n\n<p><a><\/a><img decoding=\"async\" height=\"16\" width=\"16\" alt=\"&#x1f559;\" src=\"https:\/\/static.xx.fbcdn.net\/images\/emoji.php\/v9\/t31\/1\/16\/1f559.png\">Pocz\u0105tek rywalizacji dla rocznik\u00f3w 2015\/2016\/2017 o godzinie 10.00.<\/p>\n\n\n\n<p><img decoding=\"async\" height=\"16\" width=\"16\" alt=\"&#x1f55b;\" src=\"https:\/\/static.xx.fbcdn.net\/images\/emoji.php\/v9\/tda\/1\/16\/1f55b.png\">Starszych zawodnik\u00f3w zapraszamy na godzin\u0119 12.00.<\/p>\n\n\n\n<p>Szko\u0142a znajduje si\u0119 przy ulicy Unruga 88.<\/p>\n\n\n\n<p>Natomiast w niedziel\u0119 w Gda\u0144sku reprezentacja rocznika 2014 zagra w turnieju Gedania Cup. Jest to turniej charytatywny z kt\u00f3rego doch\u00f3d przeznaczony jest na Filipa, m\u0142odego zawodnika Gedanii.<\/p>\n\n\n\n<p>Wi\u0119cej informacji o turnieju w pi\u0105tek w osobnej wiadomo\u015bci.<\/p>\n\n\n\n<figure class=\"wp-block-image size-full\"><img fetchpriority=\"high\" decoding=\"async\" width=\"940\" height=\"788\" src=\"https:\/\/arka-swsiemp.pl\/wp-content\/uploads\/2024\/11\/467505257_578457368038726_8340400974138387338_n-1.jpg\" alt=\"\" class=\"wp-image-2112\" srcset=\"https:\/\/arka-swsiemp.pl\/wp-content\/uploads\/2024\/11\/467505257_578457368038726_8340400974138387338_n-1.jpg 940w, https:\/\/arka-swsiemp.pl\/wp-content\/uploads\/2024\/11\/467505257_578457368038726_8340400974138387338_n-1-300x251.jpg 300w, https:\/\/arka-swsiemp.pl\/wp-content\/uploads\/2024\/11\/467505257_578457368038726_8340400974138387338_n-1-768x644.jpg 768w\" sizes=\"(max-width: 767px) 89vw, (max-width: 1000px) 54vw, (max-width: 1071px) 543px, 580px\" \/><\/figure>\n","protected":false},"excerpt":{"rendered":"<p>Z naszymi rozgrywkami odwiedzamy kolejn\u0105 dzielnic\u0119. W sobot\u0119 zagramy na Ob\u0142u\u017cu. SP 39 b\u0119dzie miejscem, gdzie w sobot\u0119 spotkaj\u0105 si\u0119 zawodnicy z rocznik\u00f3w 2013, 2014, 2015, 2016 i 2017. Pocz\u0105tek rywalizacji dla rocznik\u00f3w 2015\/2016\/2017 o godzinie 10.00. Starszych zawodnik\u00f3w zapraszamy na godzin\u0119 12.00. Szko\u0142a znajduje si\u0119 przy ulicy Unruga 88. Natomiast w niedziel\u0119 w Gda\u0144sku &hellip; <\/p>\n<p class=\"link-more\"><a href=\"https:\/\/arka-swsiemp.pl\/index.php\/2024\/11\/21\/liga-dzielnicowa-tym-razem-na-obluzu\/\" class=\"more-link\">Czytaj dalej<span class=\"screen-reader-text\"> \u201eLiga Dzielnicowa tym razem na Ob\u0142u\u017cu\u201d<\/span><\/a><\/p>\n","protected":false},"author":1,"featured_media":2111,"comment_status":"open","ping_status":"open","sticky":false,"template":"","format":"standard","meta":{"footnotes":""},"categories":[13,11],"tags":[22,19,20,21,18,14],"class_list":["post-2110","post","type-post","status-publish","format-standard","has-post-thumbnail","hentry","category-informacje","category-turnieje","tag-listopadowa-liga-dzielnicowa","tag-pilka-nozna-dla-dzieci-gdynia","tag-pilka-nozna-dla-przedszkolakow","tag-pilka-nozna-gdynia","tag-treningi-dla-dzieci-arka","tag-treningi-dla-dzieci-gdynia"],"yoast_head":"<!-- This site is optimized with the Yoast SEO plugin v27.4 - https:\/\/yoast.com\/product\/yoast-seo-wordpress\/ -->\n<title>Liga Dzielnicowa tym razem na Ob\u0142u\u017cu | Arka Gdynia SWSiEMP<\/title>\n<meta name=\"description\" content=\"Z naszymi rozgrywkami odwiedzamy kolejn\u0105 dzielnic\u0119. W sobot\u0119 zagramy na Ob\u0142u\u017cu. SP 39 b\u0119dzie miejscem, gdzie w sobot\u0119 spotkaj\u0105 si\u0119 zawodnicy.\" \/>\n<meta name=\"robots\" content=\"index, follow, max-snippet:-1, max-image-preview:large, max-video-preview:-1\" \/>\n<link rel=\"canonical\" href=\"https:\/\/arka-swsiemp.pl\/index.php\/2024\/11\/21\/liga-dzielnicowa-tym-razem-na-obluzu\/\" \/>\n<meta property=\"og:locale\" content=\"pl_PL\" \/>\n<meta property=\"og:type\" content=\"article\" \/>\n<meta property=\"og:title\" content=\"Liga Dzielnicowa tym razem na Ob\u0142u\u017cu | Arka Gdynia SWSiEMP\" \/>\n<meta property=\"og:description\" content=\"Z naszymi rozgrywkami odwiedzamy kolejn\u0105 dzielnic\u0119. W sobot\u0119 zagramy na Ob\u0142u\u017cu. SP 39 b\u0119dzie miejscem, gdzie w sobot\u0119 spotkaj\u0105 si\u0119 zawodnicy.\" \/>\n<meta property=\"og:url\" content=\"https:\/\/arka-swsiemp.pl\/index.php\/2024\/11\/21\/liga-dzielnicowa-tym-razem-na-obluzu\/\" \/>\n<meta property=\"og:site_name\" content=\"Arka Gdynia SWSiEMP\" \/>\n<meta property=\"article:publisher\" content=\"https:\/\/www.facebook.com\/profile.php?id=100076234040257\" \/>\n<meta property=\"article:published_time\" content=\"2024-11-21T10:29:29+00:00\" \/>\n<meta property=\"article:modified_time\" content=\"2024-11-21T10:31:38+00:00\" \/>\n<meta property=\"og:image\" content=\"https:\/\/arka-swsiemp.pl\/wp-content\/uploads\/2024\/11\/467505257_578457368038726_8340400974138387338_n.jpg\" \/>\n\t<meta property=\"og:image:width\" content=\"940\" \/>\n\t<meta property=\"og:image:height\" content=\"788\" \/>\n\t<meta property=\"og:image:type\" content=\"image\/jpeg\" \/>\n<meta name=\"author\" content=\"admin\" \/>\n<meta name=\"twitter:card\" content=\"summary_large_image\" \/>\n<meta name=\"twitter:label1\" content=\"Napisane przez\" \/>\n\t<meta name=\"twitter:data1\" content=\"admin\" \/>\n\t<meta name=\"twitter:label2\" content=\"Szacowany czas czytania\" \/>\n\t<meta name=\"twitter:data2\" content=\"2 minuty\" \/>\n<script type=\"application\/ld+json\" class=\"yoast-schema-graph\">{\"@context\":\"https:\\\/\\\/schema.org\",\"@graph\":[{\"@type\":\"Article\",\"@id\":\"https:\\\/\\\/arka-swsiemp.pl\\\/index.php\\\/2024\\\/11\\\/21\\\/liga-dzielnicowa-tym-razem-na-obluzu\\\/#article\",\"isPartOf\":{\"@id\":\"https:\\\/\\\/arka-swsiemp.pl\\\/index.php\\\/2024\\\/11\\\/21\\\/liga-dzielnicowa-tym-razem-na-obluzu\\\/\"},\"author\":{\"name\":\"admin\",\"@id\":\"https:\\\/\\\/arka-swsiemp.pl\\\/#\\\/schema\\\/person\\\/a1bdfa75e03953822a5bf8b25b073441\"},\"headline\":\"Liga Dzielnicowa tym razem na Ob\u0142u\u017cu\",\"datePublished\":\"2024-11-21T10:29:29+00:00\",\"dateModified\":\"2024-11-21T10:31:38+00:00\",\"mainEntityOfPage\":{\"@id\":\"https:\\\/\\\/arka-swsiemp.pl\\\/index.php\\\/2024\\\/11\\\/21\\\/liga-dzielnicowa-tym-razem-na-obluzu\\\/\"},\"wordCount\":98,\"commentCount\":0,\"publisher\":{\"@id\":\"https:\\\/\\\/arka-swsiemp.pl\\\/#organization\"},\"image\":{\"@id\":\"https:\\\/\\\/arka-swsiemp.pl\\\/index.php\\\/2024\\\/11\\\/21\\\/liga-dzielnicowa-tym-razem-na-obluzu\\\/#primaryimage\"},\"thumbnailUrl\":\"https:\\\/\\\/arka-swsiemp.pl\\\/wp-content\\\/uploads\\\/2024\\\/11\\\/467505257_578457368038726_8340400974138387338_n.jpg\",\"keywords\":[\"Listopadowa Liga Dzielnicowa\",\"pi\u0142ka no\u017cna dla dzieci gdynia\",\"pi\u0142ka no\u017cna dla przedszkolak\u00f3w\",\"pi\u0142ka no\u017cna gdynia\",\"treningi dla dzieci arka\",\"treningi dla dzieci gdynia\"],\"articleSection\":[\"informacje\",\"turnieje\"],\"inLanguage\":\"pl-PL\",\"potentialAction\":[{\"@type\":\"CommentAction\",\"name\":\"Comment\",\"target\":[\"https:\\\/\\\/arka-swsiemp.pl\\\/index.php\\\/2024\\\/11\\\/21\\\/liga-dzielnicowa-tym-razem-na-obluzu\\\/#respond\"]}]},{\"@type\":\"WebPage\",\"@id\":\"https:\\\/\\\/arka-swsiemp.pl\\\/index.php\\\/2024\\\/11\\\/21\\\/liga-dzielnicowa-tym-razem-na-obluzu\\\/\",\"url\":\"https:\\\/\\\/arka-swsiemp.pl\\\/index.php\\\/2024\\\/11\\\/21\\\/liga-dzielnicowa-tym-razem-na-obluzu\\\/\",\"name\":\"Liga Dzielnicowa tym razem na Ob\u0142u\u017cu | Arka Gdynia SWSiEMP\",\"isPartOf\":{\"@id\":\"https:\\\/\\\/arka-swsiemp.pl\\\/#website\"},\"primaryImageOfPage\":{\"@id\":\"https:\\\/\\\/arka-swsiemp.pl\\\/index.php\\\/2024\\\/11\\\/21\\\/liga-dzielnicowa-tym-razem-na-obluzu\\\/#primaryimage\"},\"image\":{\"@id\":\"https:\\\/\\\/arka-swsiemp.pl\\\/index.php\\\/2024\\\/11\\\/21\\\/liga-dzielnicowa-tym-razem-na-obluzu\\\/#primaryimage\"},\"thumbnailUrl\":\"https:\\\/\\\/arka-swsiemp.pl\\\/wp-content\\\/uploads\\\/2024\\\/11\\\/467505257_578457368038726_8340400974138387338_n.jpg\",\"datePublished\":\"2024-11-21T10:29:29+00:00\",\"dateModified\":\"2024-11-21T10:31:38+00:00\",\"description\":\"Z naszymi rozgrywkami odwiedzamy kolejn\u0105 dzielnic\u0119. W sobot\u0119 zagramy na Ob\u0142u\u017cu. SP 39 b\u0119dzie miejscem, gdzie w sobot\u0119 spotkaj\u0105 si\u0119 zawodnicy.\",\"breadcrumb\":{\"@id\":\"https:\\\/\\\/arka-swsiemp.pl\\\/index.php\\\/2024\\\/11\\\/21\\\/liga-dzielnicowa-tym-razem-na-obluzu\\\/#breadcrumb\"},\"inLanguage\":\"pl-PL\",\"potentialAction\":[{\"@type\":\"ReadAction\",\"target\":[\"https:\\\/\\\/arka-swsiemp.pl\\\/index.php\\\/2024\\\/11\\\/21\\\/liga-dzielnicowa-tym-razem-na-obluzu\\\/\"]}]},{\"@type\":\"ImageObject\",\"inLanguage\":\"pl-PL\",\"@id\":\"https:\\\/\\\/arka-swsiemp.pl\\\/index.php\\\/2024\\\/11\\\/21\\\/liga-dzielnicowa-tym-razem-na-obluzu\\\/#primaryimage\",\"url\":\"https:\\\/\\\/arka-swsiemp.pl\\\/wp-content\\\/uploads\\\/2024\\\/11\\\/467505257_578457368038726_8340400974138387338_n.jpg\",\"contentUrl\":\"https:\\\/\\\/arka-swsiemp.pl\\\/wp-content\\\/uploads\\\/2024\\\/11\\\/467505257_578457368038726_8340400974138387338_n.jpg\",\"width\":940,\"height\":788},{\"@type\":\"BreadcrumbList\",\"@id\":\"https:\\\/\\\/arka-swsiemp.pl\\\/index.php\\\/2024\\\/11\\\/21\\\/liga-dzielnicowa-tym-razem-na-obluzu\\\/#breadcrumb\",\"itemListElement\":[{\"@type\":\"ListItem\",\"position\":1,\"name\":\"Strona g\u0142\u00f3wna\",\"item\":\"https:\\\/\\\/arka-swsiemp.pl\\\/\"},{\"@type\":\"ListItem\",\"position\":2,\"name\":\"Liga Dzielnicowa tym razem na Ob\u0142u\u017cu\"}]},{\"@type\":\"WebSite\",\"@id\":\"https:\\\/\\\/arka-swsiemp.pl\\\/#website\",\"url\":\"https:\\\/\\\/arka-swsiemp.pl\\\/\",\"name\":\"Arka Gdynia SWSiEMP\",\"description\":\"\",\"publisher\":{\"@id\":\"https:\\\/\\\/arka-swsiemp.pl\\\/#organization\"},\"potentialAction\":[{\"@type\":\"SearchAction\",\"target\":{\"@type\":\"EntryPoint\",\"urlTemplate\":\"https:\\\/\\\/arka-swsiemp.pl\\\/?s={search_term_string}\"},\"query-input\":{\"@type\":\"PropertyValueSpecification\",\"valueRequired\":true,\"valueName\":\"search_term_string\"}}],\"inLanguage\":\"pl-PL\"},{\"@type\":\"Organization\",\"@id\":\"https:\\\/\\\/arka-swsiemp.pl\\\/#organization\",\"name\":\"Arka Gdynia SWSiEMP\",\"url\":\"https:\\\/\\\/arka-swsiemp.pl\\\/\",\"logo\":{\"@type\":\"ImageObject\",\"inLanguage\":\"pl-PL\",\"@id\":\"https:\\\/\\\/arka-swsiemp.pl\\\/#\\\/schema\\\/logo\\\/image\\\/\",\"url\":\"https:\\\/\\\/arka-swsiemp.pl\\\/wp-content\\\/uploads\\\/2023\\\/07\\\/logo-swsiemp-w-png.png\",\"contentUrl\":\"https:\\\/\\\/arka-swsiemp.pl\\\/wp-content\\\/uploads\\\/2023\\\/07\\\/logo-swsiemp-w-png.png\",\"width\":1181,\"height\":1181,\"caption\":\"Arka Gdynia SWSiEMP\"},\"image\":{\"@id\":\"https:\\\/\\\/arka-swsiemp.pl\\\/#\\\/schema\\\/logo\\\/image\\\/\"},\"sameAs\":[\"https:\\\/\\\/www.facebook.com\\\/profile.php?id=100076234040257\",\"https:\\\/\\\/www.instagram.com\\\/swsiemp_arka_gdynia\\\/\"]},{\"@type\":\"Person\",\"@id\":\"https:\\\/\\\/arka-swsiemp.pl\\\/#\\\/schema\\\/person\\\/a1bdfa75e03953822a5bf8b25b073441\",\"name\":\"admin\",\"image\":{\"@type\":\"ImageObject\",\"inLanguage\":\"pl-PL\",\"@id\":\"https:\\\/\\\/secure.gravatar.com\\\/avatar\\\/918bf8747851be9cbefe70aae495e267d24e565f25ba17875f0058179bf58d0d?s=96&d=mm&r=g\",\"url\":\"https:\\\/\\\/secure.gravatar.com\\\/avatar\\\/918bf8747851be9cbefe70aae495e267d24e565f25ba17875f0058179bf58d0d?s=96&d=mm&r=g\",\"contentUrl\":\"https:\\\/\\\/secure.gravatar.com\\\/avatar\\\/918bf8747851be9cbefe70aae495e267d24e565f25ba17875f0058179bf58d0d?s=96&d=mm&r=g\",\"caption\":\"admin\"},\"sameAs\":[\"https:\\\/\\\/arka-swsiemp.pl\"],\"url\":\"https:\\\/\\\/arka-swsiemp.pl\\\/index.php\\\/author\\\/admin\\\/\"}]}<\/script>\n<!-- \/ Yoast SEO plugin. -->","yoast_head_json":{"title":"Liga Dzielnicowa tym razem na Ob\u0142u\u017cu | Arka Gdynia SWSiEMP","description":"Z naszymi rozgrywkami odwiedzamy kolejn\u0105 dzielnic\u0119. W sobot\u0119 zagramy na Ob\u0142u\u017cu. SP 39 b\u0119dzie miejscem, gdzie w sobot\u0119 spotkaj\u0105 si\u0119 zawodnicy.","robots":{"index":"index","follow":"follow","max-snippet":"max-snippet:-1","max-image-preview":"max-image-preview:large","max-video-preview":"max-video-preview:-1"},"canonical":"https:\/\/arka-swsiemp.pl\/index.php\/2024\/11\/21\/liga-dzielnicowa-tym-razem-na-obluzu\/","og_locale":"pl_PL","og_type":"article","og_title":"Liga Dzielnicowa tym razem na Ob\u0142u\u017cu | Arka Gdynia SWSiEMP","og_description":"Z naszymi rozgrywkami odwiedzamy kolejn\u0105 dzielnic\u0119. W sobot\u0119 zagramy na Ob\u0142u\u017cu. SP 39 b\u0119dzie miejscem, gdzie w sobot\u0119 spotkaj\u0105 si\u0119 zawodnicy.","og_url":"https:\/\/arka-swsiemp.pl\/index.php\/2024\/11\/21\/liga-dzielnicowa-tym-razem-na-obluzu\/","og_site_name":"Arka Gdynia SWSiEMP","article_publisher":"https:\/\/www.facebook.com\/profile.php?id=100076234040257","article_published_time":"2024-11-21T10:29:29+00:00","article_modified_time":"2024-11-21T10:31:38+00:00","og_image":[{"width":940,"height":788,"url":"https:\/\/arka-swsiemp.pl\/wp-content\/uploads\/2024\/11\/467505257_578457368038726_8340400974138387338_n.jpg","type":"image\/jpeg"}],"author":"admin","twitter_card":"summary_large_image","twitter_misc":{"Napisane przez":"admin","Szacowany czas czytania":"2 minuty"},"schema":{"@context":"https:\/\/schema.org","@graph":[{"@type":"Article","@id":"https:\/\/arka-swsiemp.pl\/index.php\/2024\/11\/21\/liga-dzielnicowa-tym-razem-na-obluzu\/#article","isPartOf":{"@id":"https:\/\/arka-swsiemp.pl\/index.php\/2024\/11\/21\/liga-dzielnicowa-tym-razem-na-obluzu\/"},"author":{"name":"admin","@id":"https:\/\/arka-swsiemp.pl\/#\/schema\/person\/a1bdfa75e03953822a5bf8b25b073441"},"headline":"Liga Dzielnicowa tym razem na Ob\u0142u\u017cu","datePublished":"2024-11-21T10:29:29+00:00","dateModified":"2024-11-21T10:31:38+00:00","mainEntityOfPage":{"@id":"https:\/\/arka-swsiemp.pl\/index.php\/2024\/11\/21\/liga-dzielnicowa-tym-razem-na-obluzu\/"},"wordCount":98,"commentCount":0,"publisher":{"@id":"https:\/\/arka-swsiemp.pl\/#organization"},"image":{"@id":"https:\/\/arka-swsiemp.pl\/index.php\/2024\/11\/21\/liga-dzielnicowa-tym-razem-na-obluzu\/#primaryimage"},"thumbnailUrl":"https:\/\/arka-swsiemp.pl\/wp-content\/uploads\/2024\/11\/467505257_578457368038726_8340400974138387338_n.jpg","keywords":["Listopadowa Liga Dzielnicowa","pi\u0142ka no\u017cna dla dzieci gdynia","pi\u0142ka no\u017cna dla przedszkolak\u00f3w","pi\u0142ka no\u017cna gdynia","treningi dla dzieci arka","treningi dla dzieci gdynia"],"articleSection":["informacje","turnieje"],"inLanguage":"pl-PL","potentialAction":[{"@type":"CommentAction","name":"Comment","target":["https:\/\/arka-swsiemp.pl\/index.php\/2024\/11\/21\/liga-dzielnicowa-tym-razem-na-obluzu\/#respond"]}]},{"@type":"WebPage","@id":"https:\/\/arka-swsiemp.pl\/index.php\/2024\/11\/21\/liga-dzielnicowa-tym-razem-na-obluzu\/","url":"https:\/\/arka-swsiemp.pl\/index.php\/2024\/11\/21\/liga-dzielnicowa-tym-razem-na-obluzu\/","name":"Liga Dzielnicowa tym razem na Ob\u0142u\u017cu | Arka Gdynia SWSiEMP","isPartOf":{"@id":"https:\/\/arka-swsiemp.pl\/#website"},"primaryImageOfPage":{"@id":"https:\/\/arka-swsiemp.pl\/index.php\/2024\/11\/21\/liga-dzielnicowa-tym-razem-na-obluzu\/#primaryimage"},"image":{"@id":"https:\/\/arka-swsiemp.pl\/index.php\/2024\/11\/21\/liga-dzielnicowa-tym-razem-na-obluzu\/#primaryimage"},"thumbnailUrl":"https:\/\/arka-swsiemp.pl\/wp-content\/uploads\/2024\/11\/467505257_578457368038726_8340400974138387338_n.jpg","datePublished":"2024-11-21T10:29:29+00:00","dateModified":"2024-11-21T10:31:38+00:00","description":"Z naszymi rozgrywkami odwiedzamy kolejn\u0105 dzielnic\u0119. W sobot\u0119 zagramy na Ob\u0142u\u017cu. SP 39 b\u0119dzie miejscem, gdzie w sobot\u0119 spotkaj\u0105 si\u0119 zawodnicy.","breadcrumb":{"@id":"https:\/\/arka-swsiemp.pl\/index.php\/2024\/11\/21\/liga-dzielnicowa-tym-razem-na-obluzu\/#breadcrumb"},"inLanguage":"pl-PL","potentialAction":[{"@type":"ReadAction","target":["https:\/\/arka-swsiemp.pl\/index.php\/2024\/11\/21\/liga-dzielnicowa-tym-razem-na-obluzu\/"]}]},{"@type":"ImageObject","inLanguage":"pl-PL","@id":"https:\/\/arka-swsiemp.pl\/index.php\/2024\/11\/21\/liga-dzielnicowa-tym-razem-na-obluzu\/#primaryimage","url":"https:\/\/arka-swsiemp.pl\/wp-content\/uploads\/2024\/11\/467505257_578457368038726_8340400974138387338_n.jpg","contentUrl":"https:\/\/arka-swsiemp.pl\/wp-content\/uploads\/2024\/11\/467505257_578457368038726_8340400974138387338_n.jpg","width":940,"height":788},{"@type":"BreadcrumbList","@id":"https:\/\/arka-swsiemp.pl\/index.php\/2024\/11\/21\/liga-dzielnicowa-tym-razem-na-obluzu\/#breadcrumb","itemListElement":[{"@type":"ListItem","position":1,"name":"Strona g\u0142\u00f3wna","item":"https:\/\/arka-swsiemp.pl\/"},{"@type":"ListItem","position":2,"name":"Liga Dzielnicowa tym razem na Ob\u0142u\u017cu"}]},{"@type":"WebSite","@id":"https:\/\/arka-swsiemp.pl\/#website","url":"https:\/\/arka-swsiemp.pl\/","name":"Arka Gdynia SWSiEMP","description":"","publisher":{"@id":"https:\/\/arka-swsiemp.pl\/#organization"},"potentialAction":[{"@type":"SearchAction","target":{"@type":"EntryPoint","urlTemplate":"https:\/\/arka-swsiemp.pl\/?s={search_term_string}"},"query-input":{"@type":"PropertyValueSpecification","valueRequired":true,"valueName":"search_term_string"}}],"inLanguage":"pl-PL"},{"@type":"Organization","@id":"https:\/\/arka-swsiemp.pl\/#organization","name":"Arka Gdynia SWSiEMP","url":"https:\/\/arka-swsiemp.pl\/","logo":{"@type":"ImageObject","inLanguage":"pl-PL","@id":"https:\/\/arka-swsiemp.pl\/#\/schema\/logo\/image\/","url":"https:\/\/arka-swsiemp.pl\/wp-content\/uploads\/2023\/07\/logo-swsiemp-w-png.png","contentUrl":"https:\/\/arka-swsiemp.pl\/wp-content\/uploads\/2023\/07\/logo-swsiemp-w-png.png","width":1181,"height":1181,"caption":"Arka Gdynia SWSiEMP"},"image":{"@id":"https:\/\/arka-swsiemp.pl\/#\/schema\/logo\/image\/"},"sameAs":["https:\/\/www.facebook.com\/profile.php?id=100076234040257","https:\/\/www.instagram.com\/swsiemp_arka_gdynia\/"]},{"@type":"Person","@id":"https:\/\/arka-swsiemp.pl\/#\/schema\/person\/a1bdfa75e03953822a5bf8b25b073441","name":"admin","image":{"@type":"ImageObject","inLanguage":"pl-PL","@id":"https:\/\/secure.gravatar.com\/avatar\/918bf8747851be9cbefe70aae495e267d24e565f25ba17875f0058179bf58d0d?s=96&d=mm&r=g","url":"https:\/\/secure.gravatar.com\/avatar\/918bf8747851be9cbefe70aae495e267d24e565f25ba17875f0058179bf58d0d?s=96&d=mm&r=g","contentUrl":"https:\/\/secure.gravatar.com\/avatar\/918bf8747851be9cbefe70aae495e267d24e565f25ba17875f0058179bf58d0d?s=96&d=mm&r=g","caption":"admin"},"sameAs":["https:\/\/arka-swsiemp.pl"],"url":"https:\/\/arka-swsiemp.pl\/index.php\/author\/admin\/"}]}},"_links":{"self":[{"href":"https:\/\/arka-swsiemp.pl\/index.php\/wp-json\/wp\/v2\/posts\/2110","targetHints":{"allow":["GET"]}}],"collection":[{"href":"https:\/\/arka-swsiemp.pl\/index.php\/wp-json\/wp\/v2\/posts"}],"about":[{"href":"https:\/\/arka-swsiemp.pl\/index.php\/wp-json\/wp\/v2\/types\/post"}],"author":[{"embeddable":true,"href":"https:\/\/arka-swsiemp.pl\/index.php\/wp-json\/wp\/v2\/users\/1"}],"replies":[{"embeddable":true,"href":"https:\/\/arka-swsiemp.pl\/index.php\/wp-json\/wp\/v2\/comments?post=2110"}],"version-history":[{"count":1,"href":"https:\/\/arka-swsiemp.pl\/index.php\/wp-json\/wp\/v2\/posts\/2110\/revisions"}],"predecessor-version":[{"id":2113,"href":"https:\/\/arka-swsiemp.pl\/index.php\/wp-json\/wp\/v2\/posts\/2110\/revisions\/2113"}],"wp:featuredmedia":[{"embeddable":true,"href":"https:\/\/arka-swsiemp.pl\/index.php\/wp-json\/wp\/v2\/media\/2111"}],"wp:attachment":[{"href":"https:\/\/arka-swsiemp.pl\/index.php\/wp-json\/wp\/v2\/media?parent=2110"}],"wp:term":[{"taxonomy":"category","embeddable":true,"href":"https:\/\/arka-swsiemp.pl\/index.php\/wp-json\/wp\/v2\/categories?post=2110"},{"taxonomy":"post_tag","embeddable":true,"href":"https:\/\/arka-swsiemp.pl\/index.php\/wp-json\/wp\/v2\/tags?post=2110"}],"curies":[{"name":"wp","href":"https:\/\/api.w.org\/{rel}","templated":true}]}}