{"id":1660,"date":"2024-09-08T23:39:28","date_gmt":"2024-09-08T21:39:28","guid":{"rendered":"https:\/\/arka-swsiemp.pl\/?p=1660"},"modified":"2024-09-13T09:39:01","modified_gmt":"2024-09-13T07:39:01","slug":"pierwsza-po-wakacjach-liga-dzielnicowa","status":"publish","type":"post","link":"https:\/\/arka-swsiemp.pl\/index.php\/2024\/09\/08\/pierwsza-po-wakacjach-liga-dzielnicowa\/","title":{"rendered":"Pierwsza po wakacjach Liga Dzielnicowa za nami!"},"content":{"rendered":"\n<p><strong>W sobot\u0119 na Ma\u0142ym Kacku spotkali si\u0119 nasi zawodnicy z rocznik\u00f3w od 2019 do 2015, aby rywalizowa\u0107 w Lidze Dzielnicowej.<\/strong><\/p>\n\n\n\n<p><em>&#8211; Przypominamy, \u017ce te rozgrywki to cze\u015b\u0107 naszej oferty gwarantowanej dla wszystkich zawodnik\u00f3w trenuj\u0105cych w szk\u00f3\u0142ce<\/em> &#8211; <strong>m\u00f3wi trener koordynator Pawe\u0142<\/strong>. &#8211; <em>Bez jakichkolwiek dodatkowych op\u0142at m\u0142odzi pi\u0142karze bior\u0105 udzia\u0142 w turnieju, gdzie na uczestnik\u00f3w czekaj\u0105 co raz to atrakcyjniejsze nagrody.<\/em><\/p>\n\n\n\n<p>Tradycj\u0105 sta\u0142a si\u0119 ju\u017c  pizza od <a href=\"https:\/\/www.facebook.com\/ideolopizza?__cft__[0]=AZXms7JDr5-KqWwl6BShh5wDWFjs1MxN3IxscKvAoZnqwkfUwGDIG0DUuFf-ygSiLXXUs8sk04Dfa3wEPUW1KUuBeSRKN2FOfxPBAg4WNW9lLBHDNcysWRL9KxwKgjugrkwX9W-r3OuOd3D0k70VXNf6AxSz-cTFQczXyYNikML5qluPFtaHVY6oOrHWxf_-fa6GzqNiOcBksS_UdXGKgINW&amp;__tn__=-]K-R\">Ideolo Pizza<\/a> dla najlepszych zespo\u0142\u00f3w, ale ju\u017c w pierwszej po wakacyjnej , edycji na wyr\u00f3\u017cnionych zawodnik\u00f3w czeka\u0142y vouchery do <a href=\"https:\/\/www.facebook.com\/Kolibki.Adventure.Park.Gdynia?__cft__[0]=AZXms7JDr5-KqWwl6BShh5wDWFjs1MxN3IxscKvAoZnqwkfUwGDIG0DUuFf-ygSiLXXUs8sk04Dfa3wEPUW1KUuBeSRKN2FOfxPBAg4WNW9lLBHDNcysWRL9KxwKgjugrkwX9W-r3OuOd3D0k70VXNf6AxSz-cTFQczXyYNikML5qluPFtaHVY6oOrHWxf_-fa6GzqNiOcBksS_UdXGKgINW&amp;__tn__=-]K-R\">Kolibki Adventure Park Gdynia<\/a> ufundowane przez firm\u0119 <a href=\"https:\/\/www.facebook.com\/unumbenefits?__cft__[0]=AZXms7JDr5-KqWwl6BShh5wDWFjs1MxN3IxscKvAoZnqwkfUwGDIG0DUuFf-ygSiLXXUs8sk04Dfa3wEPUW1KUuBeSRKN2FOfxPBAg4WNW9lLBHDNcysWRL9KxwKgjugrkwX9W-r3OuOd3D0k70VXNf6AxSz-cTFQczXyYNikML5qluPFtaHVY6oOrHWxf_-fa6GzqNiOcBksS_UdXGKgINW&amp;__tn__=-]K-R\">Unum<\/a>.<\/p>\n\n\n\n<p>Tak naprawd\u0119 jednak na wyr\u00f3\u017cnienie zas\u0142u\u017cyli jednak wszyscy zawodnicy, kt\u00f3rzy w sobot\u0119 pojawili si\u0119 na Ma\u0142ym Kacku. Mimo wysokiej temperatury mecze toczy\u0142y si\u0119 w szybkim tempie. Nie brakowa\u0142o \u0142adnych akcji i pi\u0119knych <img decoding=\"async\" height=\"16\" width=\"16\" alt=\"&#x1f945;\" src=\"https:\/\/static.xx.fbcdn.net\/images\/emoji.php\/v9\/t92\/1\/16\/1f945.png\"><\/p>\n\n\n\n<p><em>&#8211; Dla nas Liga Dzielnicowa b\u0119dzie teraz jeszcze wa\u017cniejsza <\/em>&#8211; <strong>dodaje trener Pawe\u0142.<\/strong> &#8211; <em>W\u0142a\u015bnie te rozgrywki to idealna okazja, aby zobaczy\u0107 wszystkich zawodnik\u00f3w z poszczeg\u00f3lnych lokalizacji w jednym miejscu. <\/em>Sprawdzi\u0107 jakie poczynili post\u0119py i kto na tyle si\u0119 wyr\u00f3\u017cnia, aby trafi\u0107 do reprezentacji i gra\u0107 w turniejach zwi\u0105zkowych.<\/p>\n\n\n\n<p>Wszystkim dzieciom i rodzicom jeszcze raz dzi\u0119kujemy za obecno\u015b\u0107 i wsparcie.<\/p>\n\n\n\n<p>Sponsorom, kt\u00f3rzy s\u0105 z nami dzi\u0119kujemy za pomoc i zaanga\u017cowanie <img decoding=\"async\" height=\"16\" width=\"16\" alt=\"&#x1f4aa;\" src=\"https:\/\/static.xx.fbcdn.net\/images\/emoji.php\/v9\/t6c\/1\/16\/1f4aa.png\"><\/p>\n\n\n\n<p><img decoding=\"async\" height=\"16\" width=\"16\" alt=\"&#x27a1;&#xfe0f;\" src=\"https:\/\/static.xx.fbcdn.net\/images\/emoji.php\/v9\/t9e\/1\/16\/27a1.png\"><a href=\"https:\/\/l.facebook.com\/l.php?u=http%3A%2F%2FRehacontrol.pl%2F%3Ffbclid%3DIwZXh0bgNhZW0CMTAAAR16Cnxe8HINSZNad2g5EKAAEmWYgCS6IyDAMuk2tKOm911wv8takSft4zc_aem_ge45inEHvCvBEmzyqnHfgg&amp;h=AT2W85DY1FcrCHt-JRyfnfJB1dyakQOBzHTgU9OD85Jw-qKO1ejqN_ItIe_7UUzWOIQurT8DN6hdqOBTPsri6MPrwmLj6AR1qxcWzfsYPwGumcbbmSKlFItp9decSqKENC2A&amp;__tn__=-UK-R&amp;c[0]=AT0s7ZRXGhW71b0tXj-sQVli8VlimA_tjkTCDkw1oQQX0n_9kzEGN1UfMceaxeURUB9xpKcCWxUSW9qViQyqNIxQQLeSp19vNuid2qkhBCAHbZ5MN41JcGDP3I-9lE7N2n9gevY-903HpcmRlHKWO2b3NMc09v81gWPtIeMt_TnqxwH2qiXk0Hs3EAWffeIEH_rNT-vnJcSFERag-P9DzuxjeJbzqnhCvu8N\" rel=\"noreferrer noopener\" target=\"_blank\">Rehacontrol.pl<\/a><\/p>\n\n\n\n<p><img decoding=\"async\" height=\"16\" width=\"16\" alt=\"&#x27a1;&#xfe0f;\" src=\"https:\/\/static.xx.fbcdn.net\/images\/emoji.php\/v9\/t9e\/1\/16\/27a1.png\"><a href=\"https:\/\/l.facebook.com\/l.php?u=http%3A%2F%2FChemsklep.pl%2F%3Ffbclid%3DIwZXh0bgNhZW0CMTAAAR1T7mskIJpGxMIio1OpQI6JaQJErzjvvyqsxTy0ReyQ8tavOhGZNMyag38_aem_kPaKW1QlDqn_OiYZTnFgDg&amp;h=AT2utu6KqFqf09CRv71IDMmle81yO01oe854Yns06r9BmFCB5AE7BQJdzaqDhVlf8gUWfaPVmffIeh1cD2VIuFYwpQnTR9BDsceI5rTghM40H0WoYcSDYL0GGUT5yW6rhLs5&amp;__tn__=-UK-R&amp;c[0]=AT0s7ZRXGhW71b0tXj-sQVli8VlimA_tjkTCDkw1oQQX0n_9kzEGN1UfMceaxeURUB9xpKcCWxUSW9qViQyqNIxQQLeSp19vNuid2qkhBCAHbZ5MN41JcGDP3I-9lE7N2n9gevY-903HpcmRlHKWO2b3NMc09v81gWPtIeMt_TnqxwH2qiXk0Hs3EAWffeIEH_rNT-vnJcSFERag-P9DzuxjeJbzqnhCvu8N\" rel=\"noreferrer noopener\" target=\"_blank\">Chemsklep.pl<\/a><\/p>\n\n\n\n<p><img decoding=\"async\" height=\"16\" width=\"16\" alt=\"&#x27a1;&#xfe0f;\" src=\"https:\/\/static.xx.fbcdn.net\/images\/emoji.php\/v9\/t9e\/1\/16\/27a1.png\"><a href=\"https:\/\/l.facebook.com\/l.php?u=http%3A%2F%2FMultilog.pl%2F%3Ffbclid%3DIwZXh0bgNhZW0CMTAAAR3SWRzVPiSye6U4gUp2INOX-TZyUSeURbukZkZpaDrM2qmvVqb7vJO2jF8_aem_o2jOGgXqp2HQCCpMrgSG_w&amp;h=AT2yUC-aqufL5HVcdVn43JimvNwja22mOwoJq7x94MzH0Wzqaeqi7cJ7LhiWAeLvyBzrnrIR4fHkLBxMypAy6L5CZ9qMp1XLMVJBTIDwXuOaRePZZKvlBomY6s-jbyGBWm-O&amp;__tn__=-UK-R&amp;c[0]=AT0s7ZRXGhW71b0tXj-sQVli8VlimA_tjkTCDkw1oQQX0n_9kzEGN1UfMceaxeURUB9xpKcCWxUSW9qViQyqNIxQQLeSp19vNuid2qkhBCAHbZ5MN41JcGDP3I-9lE7N2n9gevY-903HpcmRlHKWO2b3NMc09v81gWPtIeMt_TnqxwH2qiXk0Hs3EAWffeIEH_rNT-vnJcSFERag-P9DzuxjeJbzqnhCvu8N\" rel=\"noreferrer noopener\" target=\"_blank\">Multilog.pl<\/a><\/p>\n\n\n\n<p>Wspieraj\u0105 nas ponadto Robert Smolnicki oraz miasto <a href=\"https:\/\/l.facebook.com\/l.php?u=http%3A%2F%2FGdynia.pl%2F%3Ffbclid%3DIwZXh0bgNhZW0CMTAAAR1YyhJchoJ6hVA1_O8rcBK7LblWeh8huwaOaIYoQo-O5FgeP9aq0l3xGtQ_aem_ygEL6O9nYprBOzoD8Juqcg&amp;h=AT3LA3HDMqotuJg8mNSKHHAud1bSEnbENYgkF0IJCjFja7Ddu8ZHPSAIPE744t2XmFSMNUBNvXoNP28ckcIovW7HKv2MWHD3gXAJue7k_8vnm-D7yLiJ8ZG5ouFJ8G4Isfi3&amp;__tn__=-UK-R&amp;c[0]=AT0s7ZRXGhW71b0tXj-sQVli8VlimA_tjkTCDkw1oQQX0n_9kzEGN1UfMceaxeURUB9xpKcCWxUSW9qViQyqNIxQQLeSp19vNuid2qkhBCAHbZ5MN41JcGDP3I-9lE7N2n9gevY-903HpcmRlHKWO2b3NMc09v81gWPtIeMt_TnqxwH2qiXk0Hs3EAWffeIEH_rNT-vnJcSFERag-P9DzuxjeJbzqnhCvu8N\" rel=\"noreferrer noopener\" target=\"_blank\">Gdynia.pl<\/a><img loading=\"lazy\" decoding=\"async\" height=\"16\" width=\"16\" alt=\"&#x1f44f;\" src=\"https:\/\/static.xx.fbcdn.net\/images\/emoji.php\/v9\/tfe\/1\/16\/1f44f.png\"><img loading=\"lazy\" decoding=\"async\" height=\"16\" width=\"16\" alt=\"&#x1f44d;\" src=\"https:\/\/static.xx.fbcdn.net\/images\/emoji.php\/v9\/tfc\/1\/16\/1f44d.png\"><img loading=\"lazy\" decoding=\"async\" height=\"16\" width=\"16\" alt=\"&#x1f603;\" src=\"https:\/\/static.xx.fbcdn.net\/images\/emoji.php\/v9\/t51\/1\/16\/1f603.png\"><\/p>\n\n\n\n<p><a href=\"https:\/\/www.facebook.com\/photo\/?fbid=525931389957991&amp;set=pcb.525932506624546&amp;__cft__[0]=AZXms7JDr5-KqWwl6BShh5wDWFjs1MxN3IxscKvAoZnqwkfUwGDIG0DUuFf-ygSiLXXUs8sk04Dfa3wEPUW1KUuBeSRKN2FOfxPBAg4WNW9lLBHDNcysWRL9KxwKgjugrkwX9W-r3OuOd3D0k70VXNf6AxSz-cTFQczXyYNikML5qluPFtaHVY6oOrHWxf_-fa6GzqNiOcBksS_UdXGKgINW&amp;__tn__=*bH-R\"><\/a><\/p>\n\n\n\n<figure class=\"wp-block-image\"><a href=\"https:\/\/www.facebook.com\/photo\/?fbid=525931389957991&amp;set=pcb.525932506624546&amp;__cft__[0]=AZXms7JDr5-KqWwl6BShh5wDWFjs1MxN3IxscKvAoZnqwkfUwGDIG0DUuFf-ygSiLXXUs8sk04Dfa3wEPUW1KUuBeSRKN2FOfxPBAg4WNW9lLBHDNcysWRL9KxwKgjugrkwX9W-r3OuOd3D0k70VXNf6AxSz-cTFQczXyYNikML5qluPFtaHVY6oOrHWxf_-fa6GzqNiOcBksS_UdXGKgINW&amp;__tn__=*bH-R\"><img decoding=\"async\" src=\"https:\/\/scontent.fpoz4-1.fna.fbcdn.net\/v\/t39.30808-6\/458575499_525931396624657_1819041675695850603_n.jpg?stp=dst-jpg_p526x395&amp;_nc_cat=100&amp;ccb=1-7&amp;_nc_sid=833d8c&amp;_nc_ohc=P-sjam47LZwQ7kNvgER6ZTt&amp;_nc_ht=scontent.fpoz4-1.fna&amp;_nc_gid=ANY5QY0npOSyAI-KXuxVUiq&amp;oh=00_AYDnJRobLsWQVszVaBzXi2wH_HvCuvBWg_n5_wrF_BqWkQ&amp;oe=66E3F62C\" alt=\"\"\/><\/a><\/figure>\n\n\n\n<p><a href=\"https:\/\/www.facebook.com\/photo\/?fbid=525931426624654&amp;set=pcb.525932506624546&amp;__cft__[0]=AZXms7JDr5-KqWwl6BShh5wDWFjs1MxN3IxscKvAoZnqwkfUwGDIG0DUuFf-ygSiLXXUs8sk04Dfa3wEPUW1KUuBeSRKN2FOfxPBAg4WNW9lLBHDNcysWRL9KxwKgjugrkwX9W-r3OuOd3D0k70VXNf6AxSz-cTFQczXyYNikML5qluPFtaHVY6oOrHWxf_-fa6GzqNiOcBksS_UdXGKgINW&amp;__tn__=*bH-R\"><\/a><\/p>\n\n\n\n<figure class=\"wp-block-image\"><a href=\"https:\/\/www.facebook.com\/photo\/?fbid=525931426624654&amp;set=pcb.525932506624546&amp;__cft__[0]=AZXms7JDr5-KqWwl6BShh5wDWFjs1MxN3IxscKvAoZnqwkfUwGDIG0DUuFf-ygSiLXXUs8sk04Dfa3wEPUW1KUuBeSRKN2FOfxPBAg4WNW9lLBHDNcysWRL9KxwKgjugrkwX9W-r3OuOd3D0k70VXNf6AxSz-cTFQczXyYNikML5qluPFtaHVY6oOrHWxf_-fa6GzqNiOcBksS_UdXGKgINW&amp;__tn__=*bH-R\"><img decoding=\"async\" src=\"https:\/\/scontent.fpoz4-1.fna.fbcdn.net\/v\/t39.30808-6\/458634870_525931429957987_356905683860344407_n.jpg?stp=dst-jpg_p526x395&amp;_nc_cat=101&amp;ccb=1-7&amp;_nc_sid=833d8c&amp;_nc_ohc=jMTbPUL9SEgQ7kNvgFwqysa&amp;_nc_ht=scontent.fpoz4-1.fna&amp;_nc_gid=ANY5QY0npOSyAI-KXuxVUiq&amp;oh=00_AYCo_a3whWTvqB6OavEP-lB3elA6kbizDAFFa6gl9agdrg&amp;oe=66E3E131\" alt=\"\"\/><\/a><\/figure>\n\n\n\n<p><a href=\"https:\/\/www.facebook.com\/photo\/?fbid=525931466624650&amp;set=pcb.525932506624546&amp;__cft__[0]=AZXms7JDr5-KqWwl6BShh5wDWFjs1MxN3IxscKvAoZnqwkfUwGDIG0DUuFf-ygSiLXXUs8sk04Dfa3wEPUW1KUuBeSRKN2FOfxPBAg4WNW9lLBHDNcysWRL9KxwKgjugrkwX9W-r3OuOd3D0k70VXNf6AxSz-cTFQczXyYNikML5qluPFtaHVY6oOrHWxf_-fa6GzqNiOcBksS_UdXGKgINW&amp;__tn__=*bH-R\"><\/a><\/p>\n\n\n\n<figure class=\"wp-block-image\"><a href=\"https:\/\/www.facebook.com\/photo\/?fbid=525931466624650&amp;set=pcb.525932506624546&amp;__cft__[0]=AZXms7JDr5-KqWwl6BShh5wDWFjs1MxN3IxscKvAoZnqwkfUwGDIG0DUuFf-ygSiLXXUs8sk04Dfa3wEPUW1KUuBeSRKN2FOfxPBAg4WNW9lLBHDNcysWRL9KxwKgjugrkwX9W-r3OuOd3D0k70VXNf6AxSz-cTFQczXyYNikML5qluPFtaHVY6oOrHWxf_-fa6GzqNiOcBksS_UdXGKgINW&amp;__tn__=*bH-R\"><img decoding=\"async\" src=\"https:\/\/scontent.fpoz4-1.fna.fbcdn.net\/v\/t39.30808-6\/458741196_525931476624649_5171094788938554377_n.jpg?stp=dst-jpg_p526x395&amp;_nc_cat=107&amp;ccb=1-7&amp;_nc_sid=833d8c&amp;_nc_ohc=y6CzVHT3JqsQ7kNvgGiD5Fv&amp;_nc_ht=scontent.fpoz4-1.fna&amp;_nc_gid=ANY5QY0npOSyAI-KXuxVUiq&amp;oh=00_AYDiVtlnqp6rt17iVhzH_qRrFZryb_kodChpCbpgIAogzg&amp;oe=66E3DC51\" alt=\"\"\/><\/a><\/figure>\n\n\n\n<p><a href=\"https:\/\/www.facebook.com\/photo\/?fbid=525931509957979&amp;set=pcb.525932506624546&amp;__cft__[0]=AZXms7JDr5-KqWwl6BShh5wDWFjs1MxN3IxscKvAoZnqwkfUwGDIG0DUuFf-ygSiLXXUs8sk04Dfa3wEPUW1KUuBeSRKN2FOfxPBAg4WNW9lLBHDNcysWRL9KxwKgjugrkwX9W-r3OuOd3D0k70VXNf6AxSz-cTFQczXyYNikML5qluPFtaHVY6oOrHWxf_-fa6GzqNiOcBksS_UdXGKgINW&amp;__tn__=*bH-R\"><\/a><\/p>\n\n\n\n<figure class=\"wp-block-image\"><a href=\"https:\/\/www.facebook.com\/photo\/?fbid=525931509957979&amp;set=pcb.525932506624546&amp;__cft__[0]=AZXms7JDr5-KqWwl6BShh5wDWFjs1MxN3IxscKvAoZnqwkfUwGDIG0DUuFf-ygSiLXXUs8sk04Dfa3wEPUW1KUuBeSRKN2FOfxPBAg4WNW9lLBHDNcysWRL9KxwKgjugrkwX9W-r3OuOd3D0k70VXNf6AxSz-cTFQczXyYNikML5qluPFtaHVY6oOrHWxf_-fa6GzqNiOcBksS_UdXGKgINW&amp;__tn__=*bH-R\"><img decoding=\"async\" src=\"https:\/\/scontent.fpoz4-1.fna.fbcdn.net\/v\/t39.30808-6\/458546190_525931516624645_934949885768439172_n.jpg?stp=dst-jpg_p526x395&amp;_nc_cat=101&amp;ccb=1-7&amp;_nc_sid=833d8c&amp;_nc_ohc=tZ_5gSGV9JsQ7kNvgHpjCEY&amp;_nc_ht=scontent.fpoz4-1.fna&amp;_nc_gid=ANY5QY0npOSyAI-KXuxVUiq&amp;oh=00_AYAdIzrWvXQAMW6D5oSGGOlNfjiQgDT8O5y_PEinKevb1g&amp;oe=66E3EAFB\" alt=\"\"\/><\/a><\/figure>\n\n\n\n<p><a href=\"https:\/\/www.facebook.com\/photo\/?fbid=525931556624641&amp;set=pcb.525932506624546&amp;__cft__[0]=AZXms7JDr5-KqWwl6BShh5wDWFjs1MxN3IxscKvAoZnqwkfUwGDIG0DUuFf-ygSiLXXUs8sk04Dfa3wEPUW1KUuBeSRKN2FOfxPBAg4WNW9lLBHDNcysWRL9KxwKgjugrkwX9W-r3OuOd3D0k70VXNf6AxSz-cTFQczXyYNikML5qluPFtaHVY6oOrHWxf_-fa6GzqNiOcBksS_UdXGKgINW&amp;__tn__=*bH-R\"><\/a><\/p>\n\n\n\n<figure class=\"wp-block-image\"><a href=\"https:\/\/www.facebook.com\/photo\/?fbid=525931556624641&amp;set=pcb.525932506624546&amp;__cft__[0]=AZXms7JDr5-KqWwl6BShh5wDWFjs1MxN3IxscKvAoZnqwkfUwGDIG0DUuFf-ygSiLXXUs8sk04Dfa3wEPUW1KUuBeSRKN2FOfxPBAg4WNW9lLBHDNcysWRL9KxwKgjugrkwX9W-r3OuOd3D0k70VXNf6AxSz-cTFQczXyYNikML5qluPFtaHVY6oOrHWxf_-fa6GzqNiOcBksS_UdXGKgINW&amp;__tn__=*bH-R\"><img decoding=\"async\" src=\"https:\/\/scontent.fpoz4-1.fna.fbcdn.net\/v\/t39.30808-6\/459081539_525931559957974_4896645551764157006_n.jpg?stp=dst-jpg_p526x395&amp;_nc_cat=110&amp;ccb=1-7&amp;_nc_sid=833d8c&amp;_nc_ohc=rxzjEan8CZoQ7kNvgG3ETeC&amp;_nc_ht=scontent.fpoz4-1.fna&amp;_nc_gid=ANY5QY0npOSyAI-KXuxVUiq&amp;oh=00_AYB72E6OIQHUm0OY-4XsesFUsuZCfuEOWoUJ3ddZGvdLfw&amp;oe=66E3EFCA\" alt=\"\"\/><\/a><\/figure>\n\n\n\n<p><a href=\"https:\/\/www.facebook.com\/photo\/?fbid=525931556624641&amp;set=pcb.525932506624546&amp;__cft__[0]=AZXms7JDr5-KqWwl6BShh5wDWFjs1MxN3IxscKvAoZnqwkfUwGDIG0DUuFf-ygSiLXXUs8sk04Dfa3wEPUW1KUuBeSRKN2FOfxPBAg4WNW9lLBHDNcysWRL9KxwKgjugrkwX9W-r3OuOd3D0k70VXNf6AxSz-cTFQczXyYNikML5qluPFtaHVY6oOrHWxf_-fa6GzqNiOcBksS_UdXGKgINW&amp;__tn__=*bH-R\">+18<\/a><\/p>\n","protected":false},"excerpt":{"rendered":"<p>W sobot\u0119 na Ma\u0142ym Kacku spotkali si\u0119 nasi zawodnicy z rocznik\u00f3w od 2019 do 2015, aby rywalizowa\u0107 w Lidze Dzielnicowej. &#8211; Przypominamy, \u017ce te rozgrywki to cze\u015b\u0107 naszej oferty gwarantowanej dla wszystkich zawodnik\u00f3w trenuj\u0105cych w szk\u00f3\u0142ce &#8211; m\u00f3wi trener koordynator Pawe\u0142. &#8211; Bez jakichkolwiek dodatkowych op\u0142at m\u0142odzi pi\u0142karze bior\u0105 udzia\u0142 w turnieju, gdzie na uczestnik\u00f3w &hellip; <\/p>\n<p class=\"link-more\"><a href=\"https:\/\/arka-swsiemp.pl\/index.php\/2024\/09\/08\/pierwsza-po-wakacjach-liga-dzielnicowa\/\" class=\"more-link\">Czytaj dalej<span class=\"screen-reader-text\"> \u201ePierwsza po wakacjach Liga Dzielnicowa za nami!\u201d<\/span><\/a><\/p>\n","protected":false},"author":1,"featured_media":1661,"comment_status":"open","ping_status":"open","sticky":false,"template":"","format":"standard","meta":{"footnotes":""},"categories":[13,11],"tags":[],"class_list":["post-1660","post","type-post","status-publish","format-standard","has-post-thumbnail","hentry","category-informacje","category-turnieje"],"yoast_head":"<!-- This site is optimized with the Yoast SEO plugin v27.4 - https:\/\/yoast.com\/product\/yoast-seo-wordpress\/ -->\n<title>Pierwsza po wakacjach Liga Dzielnicowa za nami! | Arka Gdynia SWSiEMP<\/title>\n<meta name=\"description\" content=\"W sobot\u0119 na Ma\u0142ym Kacku spotkali si\u0119 nasi zawodnicy z rocznik\u00f3w od 2019 do 2015, aby rywalizowa\u0107 w Lidze Dzielnicowej.\" \/>\n<meta name=\"robots\" content=\"index, follow, max-snippet:-1, max-image-preview:large, max-video-preview:-1\" \/>\n<link rel=\"canonical\" href=\"https:\/\/arka-swsiemp.pl\/index.php\/2024\/09\/08\/pierwsza-po-wakacjach-liga-dzielnicowa\/\" \/>\n<meta property=\"og:locale\" content=\"pl_PL\" \/>\n<meta property=\"og:type\" content=\"article\" \/>\n<meta property=\"og:title\" content=\"Pierwsza po wakacjach Liga Dzielnicowa za nami! | Arka Gdynia SWSiEMP\" \/>\n<meta property=\"og:description\" content=\"W sobot\u0119 na Ma\u0142ym Kacku spotkali si\u0119 nasi zawodnicy z rocznik\u00f3w od 2019 do 2015, aby rywalizowa\u0107 w Lidze Dzielnicowej.\" \/>\n<meta property=\"og:url\" content=\"https:\/\/arka-swsiemp.pl\/index.php\/2024\/09\/08\/pierwsza-po-wakacjach-liga-dzielnicowa\/\" \/>\n<meta property=\"og:site_name\" content=\"Arka Gdynia SWSiEMP\" \/>\n<meta property=\"article:publisher\" content=\"https:\/\/www.facebook.com\/profile.php?id=100076234040257\" \/>\n<meta property=\"article:published_time\" content=\"2024-09-08T21:39:28+00:00\" \/>\n<meta property=\"article:modified_time\" content=\"2024-09-13T07:39:01+00:00\" \/>\n<meta property=\"og:image\" content=\"https:\/\/arka-swsiemp.pl\/wp-content\/uploads\/2024\/09\/XT5S2452.jpg\" \/>\n\t<meta property=\"og:image:width\" content=\"848\" \/>\n\t<meta property=\"og:image:height\" content=\"565\" \/>\n\t<meta property=\"og:image:type\" content=\"image\/jpeg\" \/>\n<meta name=\"author\" content=\"admin\" \/>\n<meta name=\"twitter:card\" content=\"summary_large_image\" \/>\n<meta name=\"twitter:label1\" content=\"Napisane przez\" \/>\n\t<meta name=\"twitter:data1\" content=\"admin\" \/>\n\t<meta name=\"twitter:label2\" content=\"Szacowany czas czytania\" \/>\n\t<meta name=\"twitter:data2\" content=\"5 minut\" \/>\n<script type=\"application\/ld+json\" class=\"yoast-schema-graph\">{\"@context\":\"https:\\\/\\\/schema.org\",\"@graph\":[{\"@type\":\"Article\",\"@id\":\"https:\\\/\\\/arka-swsiemp.pl\\\/index.php\\\/2024\\\/09\\\/08\\\/pierwsza-po-wakacjach-liga-dzielnicowa\\\/#article\",\"isPartOf\":{\"@id\":\"https:\\\/\\\/arka-swsiemp.pl\\\/index.php\\\/2024\\\/09\\\/08\\\/pierwsza-po-wakacjach-liga-dzielnicowa\\\/\"},\"author\":{\"name\":\"admin\",\"@id\":\"https:\\\/\\\/arka-swsiemp.pl\\\/#\\\/schema\\\/person\\\/a1bdfa75e03953822a5bf8b25b073441\"},\"headline\":\"Pierwsza po wakacjach Liga Dzielnicowa za nami!\",\"datePublished\":\"2024-09-08T21:39:28+00:00\",\"dateModified\":\"2024-09-13T07:39:01+00:00\",\"mainEntityOfPage\":{\"@id\":\"https:\\\/\\\/arka-swsiemp.pl\\\/index.php\\\/2024\\\/09\\\/08\\\/pierwsza-po-wakacjach-liga-dzielnicowa\\\/\"},\"wordCount\":251,\"commentCount\":0,\"publisher\":{\"@id\":\"https:\\\/\\\/arka-swsiemp.pl\\\/#organization\"},\"image\":{\"@id\":\"https:\\\/\\\/arka-swsiemp.pl\\\/index.php\\\/2024\\\/09\\\/08\\\/pierwsza-po-wakacjach-liga-dzielnicowa\\\/#primaryimage\"},\"thumbnailUrl\":\"https:\\\/\\\/arka-swsiemp.pl\\\/wp-content\\\/uploads\\\/2024\\\/09\\\/XT5S2452.jpg\",\"articleSection\":[\"informacje\",\"turnieje\"],\"inLanguage\":\"pl-PL\",\"potentialAction\":[{\"@type\":\"CommentAction\",\"name\":\"Comment\",\"target\":[\"https:\\\/\\\/arka-swsiemp.pl\\\/index.php\\\/2024\\\/09\\\/08\\\/pierwsza-po-wakacjach-liga-dzielnicowa\\\/#respond\"]}]},{\"@type\":\"WebPage\",\"@id\":\"https:\\\/\\\/arka-swsiemp.pl\\\/index.php\\\/2024\\\/09\\\/08\\\/pierwsza-po-wakacjach-liga-dzielnicowa\\\/\",\"url\":\"https:\\\/\\\/arka-swsiemp.pl\\\/index.php\\\/2024\\\/09\\\/08\\\/pierwsza-po-wakacjach-liga-dzielnicowa\\\/\",\"name\":\"Pierwsza po wakacjach Liga Dzielnicowa za nami! | Arka Gdynia SWSiEMP\",\"isPartOf\":{\"@id\":\"https:\\\/\\\/arka-swsiemp.pl\\\/#website\"},\"primaryImageOfPage\":{\"@id\":\"https:\\\/\\\/arka-swsiemp.pl\\\/index.php\\\/2024\\\/09\\\/08\\\/pierwsza-po-wakacjach-liga-dzielnicowa\\\/#primaryimage\"},\"image\":{\"@id\":\"https:\\\/\\\/arka-swsiemp.pl\\\/index.php\\\/2024\\\/09\\\/08\\\/pierwsza-po-wakacjach-liga-dzielnicowa\\\/#primaryimage\"},\"thumbnailUrl\":\"https:\\\/\\\/arka-swsiemp.pl\\\/wp-content\\\/uploads\\\/2024\\\/09\\\/XT5S2452.jpg\",\"datePublished\":\"2024-09-08T21:39:28+00:00\",\"dateModified\":\"2024-09-13T07:39:01+00:00\",\"description\":\"W sobot\u0119 na Ma\u0142ym Kacku spotkali si\u0119 nasi zawodnicy z rocznik\u00f3w od 2019 do 2015, aby rywalizowa\u0107 w Lidze Dzielnicowej.\",\"breadcrumb\":{\"@id\":\"https:\\\/\\\/arka-swsiemp.pl\\\/index.php\\\/2024\\\/09\\\/08\\\/pierwsza-po-wakacjach-liga-dzielnicowa\\\/#breadcrumb\"},\"inLanguage\":\"pl-PL\",\"potentialAction\":[{\"@type\":\"ReadAction\",\"target\":[\"https:\\\/\\\/arka-swsiemp.pl\\\/index.php\\\/2024\\\/09\\\/08\\\/pierwsza-po-wakacjach-liga-dzielnicowa\\\/\"]}]},{\"@type\":\"ImageObject\",\"inLanguage\":\"pl-PL\",\"@id\":\"https:\\\/\\\/arka-swsiemp.pl\\\/index.php\\\/2024\\\/09\\\/08\\\/pierwsza-po-wakacjach-liga-dzielnicowa\\\/#primaryimage\",\"url\":\"https:\\\/\\\/arka-swsiemp.pl\\\/wp-content\\\/uploads\\\/2024\\\/09\\\/XT5S2452.jpg\",\"contentUrl\":\"https:\\\/\\\/arka-swsiemp.pl\\\/wp-content\\\/uploads\\\/2024\\\/09\\\/XT5S2452.jpg\",\"width\":848,\"height\":565,\"caption\":\"W sobot\u0119 na Ma\u0142ym Kacku spotkali si\u0119 nasi zawodnicy z rocznik\u00f3w od 2019 do 2015, aby rywalizowa\u0107 w Lidze Dzielnicowej.\"},{\"@type\":\"BreadcrumbList\",\"@id\":\"https:\\\/\\\/arka-swsiemp.pl\\\/index.php\\\/2024\\\/09\\\/08\\\/pierwsza-po-wakacjach-liga-dzielnicowa\\\/#breadcrumb\",\"itemListElement\":[{\"@type\":\"ListItem\",\"position\":1,\"name\":\"Strona g\u0142\u00f3wna\",\"item\":\"https:\\\/\\\/arka-swsiemp.pl\\\/\"},{\"@type\":\"ListItem\",\"position\":2,\"name\":\"Pierwsza po wakacjach Liga Dzielnicowa za nami!\"}]},{\"@type\":\"WebSite\",\"@id\":\"https:\\\/\\\/arka-swsiemp.pl\\\/#website\",\"url\":\"https:\\\/\\\/arka-swsiemp.pl\\\/\",\"name\":\"Arka Gdynia SWSiEMP\",\"description\":\"\",\"publisher\":{\"@id\":\"https:\\\/\\\/arka-swsiemp.pl\\\/#organization\"},\"potentialAction\":[{\"@type\":\"SearchAction\",\"target\":{\"@type\":\"EntryPoint\",\"urlTemplate\":\"https:\\\/\\\/arka-swsiemp.pl\\\/?s={search_term_string}\"},\"query-input\":{\"@type\":\"PropertyValueSpecification\",\"valueRequired\":true,\"valueName\":\"search_term_string\"}}],\"inLanguage\":\"pl-PL\"},{\"@type\":\"Organization\",\"@id\":\"https:\\\/\\\/arka-swsiemp.pl\\\/#organization\",\"name\":\"Arka Gdynia SWSiEMP\",\"url\":\"https:\\\/\\\/arka-swsiemp.pl\\\/\",\"logo\":{\"@type\":\"ImageObject\",\"inLanguage\":\"pl-PL\",\"@id\":\"https:\\\/\\\/arka-swsiemp.pl\\\/#\\\/schema\\\/logo\\\/image\\\/\",\"url\":\"https:\\\/\\\/arka-swsiemp.pl\\\/wp-content\\\/uploads\\\/2023\\\/07\\\/logo-swsiemp-w-png.png\",\"contentUrl\":\"https:\\\/\\\/arka-swsiemp.pl\\\/wp-content\\\/uploads\\\/2023\\\/07\\\/logo-swsiemp-w-png.png\",\"width\":1181,\"height\":1181,\"caption\":\"Arka Gdynia SWSiEMP\"},\"image\":{\"@id\":\"https:\\\/\\\/arka-swsiemp.pl\\\/#\\\/schema\\\/logo\\\/image\\\/\"},\"sameAs\":[\"https:\\\/\\\/www.facebook.com\\\/profile.php?id=100076234040257\",\"https:\\\/\\\/www.instagram.com\\\/swsiemp_arka_gdynia\\\/\"]},{\"@type\":\"Person\",\"@id\":\"https:\\\/\\\/arka-swsiemp.pl\\\/#\\\/schema\\\/person\\\/a1bdfa75e03953822a5bf8b25b073441\",\"name\":\"admin\",\"image\":{\"@type\":\"ImageObject\",\"inLanguage\":\"pl-PL\",\"@id\":\"https:\\\/\\\/secure.gravatar.com\\\/avatar\\\/918bf8747851be9cbefe70aae495e267d24e565f25ba17875f0058179bf58d0d?s=96&d=mm&r=g\",\"url\":\"https:\\\/\\\/secure.gravatar.com\\\/avatar\\\/918bf8747851be9cbefe70aae495e267d24e565f25ba17875f0058179bf58d0d?s=96&d=mm&r=g\",\"contentUrl\":\"https:\\\/\\\/secure.gravatar.com\\\/avatar\\\/918bf8747851be9cbefe70aae495e267d24e565f25ba17875f0058179bf58d0d?s=96&d=mm&r=g\",\"caption\":\"admin\"},\"sameAs\":[\"https:\\\/\\\/arka-swsiemp.pl\"],\"url\":\"https:\\\/\\\/arka-swsiemp.pl\\\/index.php\\\/author\\\/admin\\\/\"}]}<\/script>\n<!-- \/ Yoast SEO plugin. -->","yoast_head_json":{"title":"Pierwsza po wakacjach Liga Dzielnicowa za nami! | Arka Gdynia SWSiEMP","description":"W sobot\u0119 na Ma\u0142ym Kacku spotkali si\u0119 nasi zawodnicy z rocznik\u00f3w od 2019 do 2015, aby rywalizowa\u0107 w Lidze Dzielnicowej.","robots":{"index":"index","follow":"follow","max-snippet":"max-snippet:-1","max-image-preview":"max-image-preview:large","max-video-preview":"max-video-preview:-1"},"canonical":"https:\/\/arka-swsiemp.pl\/index.php\/2024\/09\/08\/pierwsza-po-wakacjach-liga-dzielnicowa\/","og_locale":"pl_PL","og_type":"article","og_title":"Pierwsza po wakacjach Liga Dzielnicowa za nami! | Arka Gdynia SWSiEMP","og_description":"W sobot\u0119 na Ma\u0142ym Kacku spotkali si\u0119 nasi zawodnicy z rocznik\u00f3w od 2019 do 2015, aby rywalizowa\u0107 w Lidze Dzielnicowej.","og_url":"https:\/\/arka-swsiemp.pl\/index.php\/2024\/09\/08\/pierwsza-po-wakacjach-liga-dzielnicowa\/","og_site_name":"Arka Gdynia SWSiEMP","article_publisher":"https:\/\/www.facebook.com\/profile.php?id=100076234040257","article_published_time":"2024-09-08T21:39:28+00:00","article_modified_time":"2024-09-13T07:39:01+00:00","og_image":[{"width":848,"height":565,"url":"https:\/\/arka-swsiemp.pl\/wp-content\/uploads\/2024\/09\/XT5S2452.jpg","type":"image\/jpeg"}],"author":"admin","twitter_card":"summary_large_image","twitter_misc":{"Napisane przez":"admin","Szacowany czas czytania":"5 minut"},"schema":{"@context":"https:\/\/schema.org","@graph":[{"@type":"Article","@id":"https:\/\/arka-swsiemp.pl\/index.php\/2024\/09\/08\/pierwsza-po-wakacjach-liga-dzielnicowa\/#article","isPartOf":{"@id":"https:\/\/arka-swsiemp.pl\/index.php\/2024\/09\/08\/pierwsza-po-wakacjach-liga-dzielnicowa\/"},"author":{"name":"admin","@id":"https:\/\/arka-swsiemp.pl\/#\/schema\/person\/a1bdfa75e03953822a5bf8b25b073441"},"headline":"Pierwsza po wakacjach Liga Dzielnicowa za nami!","datePublished":"2024-09-08T21:39:28+00:00","dateModified":"2024-09-13T07:39:01+00:00","mainEntityOfPage":{"@id":"https:\/\/arka-swsiemp.pl\/index.php\/2024\/09\/08\/pierwsza-po-wakacjach-liga-dzielnicowa\/"},"wordCount":251,"commentCount":0,"publisher":{"@id":"https:\/\/arka-swsiemp.pl\/#organization"},"image":{"@id":"https:\/\/arka-swsiemp.pl\/index.php\/2024\/09\/08\/pierwsza-po-wakacjach-liga-dzielnicowa\/#primaryimage"},"thumbnailUrl":"https:\/\/arka-swsiemp.pl\/wp-content\/uploads\/2024\/09\/XT5S2452.jpg","articleSection":["informacje","turnieje"],"inLanguage":"pl-PL","potentialAction":[{"@type":"CommentAction","name":"Comment","target":["https:\/\/arka-swsiemp.pl\/index.php\/2024\/09\/08\/pierwsza-po-wakacjach-liga-dzielnicowa\/#respond"]}]},{"@type":"WebPage","@id":"https:\/\/arka-swsiemp.pl\/index.php\/2024\/09\/08\/pierwsza-po-wakacjach-liga-dzielnicowa\/","url":"https:\/\/arka-swsiemp.pl\/index.php\/2024\/09\/08\/pierwsza-po-wakacjach-liga-dzielnicowa\/","name":"Pierwsza po wakacjach Liga Dzielnicowa za nami! | Arka Gdynia SWSiEMP","isPartOf":{"@id":"https:\/\/arka-swsiemp.pl\/#website"},"primaryImageOfPage":{"@id":"https:\/\/arka-swsiemp.pl\/index.php\/2024\/09\/08\/pierwsza-po-wakacjach-liga-dzielnicowa\/#primaryimage"},"image":{"@id":"https:\/\/arka-swsiemp.pl\/index.php\/2024\/09\/08\/pierwsza-po-wakacjach-liga-dzielnicowa\/#primaryimage"},"thumbnailUrl":"https:\/\/arka-swsiemp.pl\/wp-content\/uploads\/2024\/09\/XT5S2452.jpg","datePublished":"2024-09-08T21:39:28+00:00","dateModified":"2024-09-13T07:39:01+00:00","description":"W sobot\u0119 na Ma\u0142ym Kacku spotkali si\u0119 nasi zawodnicy z rocznik\u00f3w od 2019 do 2015, aby rywalizowa\u0107 w Lidze Dzielnicowej.","breadcrumb":{"@id":"https:\/\/arka-swsiemp.pl\/index.php\/2024\/09\/08\/pierwsza-po-wakacjach-liga-dzielnicowa\/#breadcrumb"},"inLanguage":"pl-PL","potentialAction":[{"@type":"ReadAction","target":["https:\/\/arka-swsiemp.pl\/index.php\/2024\/09\/08\/pierwsza-po-wakacjach-liga-dzielnicowa\/"]}]},{"@type":"ImageObject","inLanguage":"pl-PL","@id":"https:\/\/arka-swsiemp.pl\/index.php\/2024\/09\/08\/pierwsza-po-wakacjach-liga-dzielnicowa\/#primaryimage","url":"https:\/\/arka-swsiemp.pl\/wp-content\/uploads\/2024\/09\/XT5S2452.jpg","contentUrl":"https:\/\/arka-swsiemp.pl\/wp-content\/uploads\/2024\/09\/XT5S2452.jpg","width":848,"height":565,"caption":"W sobot\u0119 na Ma\u0142ym Kacku spotkali si\u0119 nasi zawodnicy z rocznik\u00f3w od 2019 do 2015, aby rywalizowa\u0107 w Lidze Dzielnicowej."},{"@type":"BreadcrumbList","@id":"https:\/\/arka-swsiemp.pl\/index.php\/2024\/09\/08\/pierwsza-po-wakacjach-liga-dzielnicowa\/#breadcrumb","itemListElement":[{"@type":"ListItem","position":1,"name":"Strona g\u0142\u00f3wna","item":"https:\/\/arka-swsiemp.pl\/"},{"@type":"ListItem","position":2,"name":"Pierwsza po wakacjach Liga Dzielnicowa za nami!"}]},{"@type":"WebSite","@id":"https:\/\/arka-swsiemp.pl\/#website","url":"https:\/\/arka-swsiemp.pl\/","name":"Arka Gdynia SWSiEMP","description":"","publisher":{"@id":"https:\/\/arka-swsiemp.pl\/#organization"},"potentialAction":[{"@type":"SearchAction","target":{"@type":"EntryPoint","urlTemplate":"https:\/\/arka-swsiemp.pl\/?s={search_term_string}"},"query-input":{"@type":"PropertyValueSpecification","valueRequired":true,"valueName":"search_term_string"}}],"inLanguage":"pl-PL"},{"@type":"Organization","@id":"https:\/\/arka-swsiemp.pl\/#organization","name":"Arka Gdynia SWSiEMP","url":"https:\/\/arka-swsiemp.pl\/","logo":{"@type":"ImageObject","inLanguage":"pl-PL","@id":"https:\/\/arka-swsiemp.pl\/#\/schema\/logo\/image\/","url":"https:\/\/arka-swsiemp.pl\/wp-content\/uploads\/2023\/07\/logo-swsiemp-w-png.png","contentUrl":"https:\/\/arka-swsiemp.pl\/wp-content\/uploads\/2023\/07\/logo-swsiemp-w-png.png","width":1181,"height":1181,"caption":"Arka Gdynia SWSiEMP"},"image":{"@id":"https:\/\/arka-swsiemp.pl\/#\/schema\/logo\/image\/"},"sameAs":["https:\/\/www.facebook.com\/profile.php?id=100076234040257","https:\/\/www.instagram.com\/swsiemp_arka_gdynia\/"]},{"@type":"Person","@id":"https:\/\/arka-swsiemp.pl\/#\/schema\/person\/a1bdfa75e03953822a5bf8b25b073441","name":"admin","image":{"@type":"ImageObject","inLanguage":"pl-PL","@id":"https:\/\/secure.gravatar.com\/avatar\/918bf8747851be9cbefe70aae495e267d24e565f25ba17875f0058179bf58d0d?s=96&d=mm&r=g","url":"https:\/\/secure.gravatar.com\/avatar\/918bf8747851be9cbefe70aae495e267d24e565f25ba17875f0058179bf58d0d?s=96&d=mm&r=g","contentUrl":"https:\/\/secure.gravatar.com\/avatar\/918bf8747851be9cbefe70aae495e267d24e565f25ba17875f0058179bf58d0d?s=96&d=mm&r=g","caption":"admin"},"sameAs":["https:\/\/arka-swsiemp.pl"],"url":"https:\/\/arka-swsiemp.pl\/index.php\/author\/admin\/"}]}},"_links":{"self":[{"href":"https:\/\/arka-swsiemp.pl\/index.php\/wp-json\/wp\/v2\/posts\/1660","targetHints":{"allow":["GET"]}}],"collection":[{"href":"https:\/\/arka-swsiemp.pl\/index.php\/wp-json\/wp\/v2\/posts"}],"about":[{"href":"https:\/\/arka-swsiemp.pl\/index.php\/wp-json\/wp\/v2\/types\/post"}],"author":[{"embeddable":true,"href":"https:\/\/arka-swsiemp.pl\/index.php\/wp-json\/wp\/v2\/users\/1"}],"replies":[{"embeddable":true,"href":"https:\/\/arka-swsiemp.pl\/index.php\/wp-json\/wp\/v2\/comments?post=1660"}],"version-history":[{"count":1,"href":"https:\/\/arka-swsiemp.pl\/index.php\/wp-json\/wp\/v2\/posts\/1660\/revisions"}],"predecessor-version":[{"id":1662,"href":"https:\/\/arka-swsiemp.pl\/index.php\/wp-json\/wp\/v2\/posts\/1660\/revisions\/1662"}],"wp:featuredmedia":[{"embeddable":true,"href":"https:\/\/arka-swsiemp.pl\/index.php\/wp-json\/wp\/v2\/media\/1661"}],"wp:attachment":[{"href":"https:\/\/arka-swsiemp.pl\/index.php\/wp-json\/wp\/v2\/media?parent=1660"}],"wp:term":[{"taxonomy":"category","embeddable":true,"href":"https:\/\/arka-swsiemp.pl\/index.php\/wp-json\/wp\/v2\/categories?post=1660"},{"taxonomy":"post_tag","embeddable":true,"href":"https:\/\/arka-swsiemp.pl\/index.php\/wp-json\/wp\/v2\/tags?post=1660"}],"curies":[{"name":"wp","href":"https:\/\/api.w.org\/{rel}","templated":true}]}}